{"id":94154,"date":"2016-08-31T17:50:06","date_gmt":"2016-08-31T20:50:06","guid":{"rendered":"http:\/\/www.redenoticia.com.br\/noticia\/?p=94154"},"modified":"2016-08-31T18:00:48","modified_gmt":"2016-08-31T21:00:48","slug":"novela-malhacao-resumo-0109-ricardo-reconhece-joana-e-a-surpreende","status":"publish","type":"post","link":"https:\/\/migracao.redenoticia.com.br\/noticia\/2016\/novela-malhacao-resumo-0109-ricardo-reconhece-joana-e-a-surpreende\/94154","title":{"rendered":"Novela \u201cMalha\u00e7\u00e3o\u201d resumo 01\/09: Ricardo surpreende Joana"},"content":{"rendered":"<p><img loading=\"lazy\" decoding=\"async\" class=\"alignleft size-thumbnail wp-image-91715\" src=\"https:\/\/migracao.redenoticia.com.br\/noticia\/imagens\/malhacao_pro_dia_nascer_feliz_resumo_novela-150x112.jpg\" alt=\"malhacao_pro_dia_nascer_feliz_resumo_novela\" width=\"150\" height=\"112\" srcset=\"https:\/\/migracao.redenoticia.com.br\/noticia\/imagens\/malhacao_pro_dia_nascer_feliz_resumo_novela-150x112.jpg 150w, https:\/\/migracao.redenoticia.com.br\/noticia\/imagens\/malhacao_pro_dia_nascer_feliz_resumo_novela-265x198.jpg 265w\" sizes=\"auto, (max-width: 150px) 100vw, 150px\" \/><strong><em>Novela \u201cMalha\u00e7\u00e3o\u201d resumo 01\/09<\/em><\/strong>:\u00a0T\u00e2nia diz a Joana que n\u00e3o quer que ela trabalhe na Forma. Mas, a garota afirma que vai trabalhar na Forma com a inten\u00e7\u00e3o de descobrir quem \u00e9 seu pai. Joana garante que n\u00e3o vai desistir de encontrar o pai. Depois, T\u00e2nia d\u00e1 um vestido de Carmem para Joana usar na entrevista de emprego. Mais tarde, Ricardo e Caio jogam contra Gabriel e Giovane. Todos na academia veem o jogo entre as duplas de v\u00f4lei. Ricardo reconhece Joana e a surpreende.<\/p>\n<p>No cap\u00edtulo 009(*), novela \u201cMalha\u00e7\u00e3o\u201d, quinta-feira, 01 de setembro \u2013 Joana garante que n\u00e3o desistir\u00e1 de encontrar o pai. Juliana gosta do desenho de Lucas. R\u00f4mulo pede um prazo maior para pagar a d\u00edvida na academia.<\/p>\n<p>J\u00e9ssica avisa a Nanda que ela ser\u00e1 entrevistada por B\u00e1rbara. T\u00e2nia d\u00e1 um vestido de Carmem para Joana usar na entrevista de emprego. Nanda \u00e9 contratada por B\u00e1rbara. Ricardo e Caio jogam contra Gabriel e Giovane. Arthur e Dod\u00f4 tentam invadir a sede do MOFO.<\/p>\n<p>Todos na academia veem o jogo entre as duplas de v\u00f4lei. Juliana apresenta J\u00fanior para Caio. Juliana beija Giovane. Ricardo reconhece Joana e a surpreende.<\/p>\n<p>(*) edi\u00e7\u00e3o da Rede Globo, Novela \u201cMalha\u00e7\u00e3o\u201d, sujeito a altera\u00e7\u00e3o de data e conte\u00fado.<\/p>\n","protected":false},"excerpt":{"rendered":"<p>Novela \u201cMalha\u00e7\u00e3o\u201d resumo 01\/09:\u00a0T\u00e2nia diz a Joana que n\u00e3o quer que ela trabalhe na Forma. Mas, a garota afirma que vai trabalhar na Forma com a inten\u00e7\u00e3o de descobrir quem \u00e9 seu pai. Joana garante que n\u00e3o vai desistir de encontrar o pai. Depois, T\u00e2nia d\u00e1 um vestido de Carmem para Joana usar na entrevista [&hellip;]<\/p>\n","protected":false},"author":4,"featured_media":91715,"comment_status":"open","ping_status":"closed","sticky":false,"template":"","format":"standard","meta":{"tdm_status":"","tdm_grid_status":"","footnotes":""},"categories":[447,379,375,343],"tags":[441],"class_list":{"0":"post-94154","1":"post","2":"type-post","3":"status-publish","4":"format-standard","5":"has-post-thumbnail","7":"category-malhacao","8":"category-novelas","9":"category-rede-globo","10":"category-televisao","11":"tag-resumo-do-dia"},"_links":{"self":[{"href":"https:\/\/migracao.redenoticia.com.br\/noticia\/wp-json\/wp\/v2\/posts\/94154","targetHints":{"allow":["GET"]}}],"collection":[{"href":"https:\/\/migracao.redenoticia.com.br\/noticia\/wp-json\/wp\/v2\/posts"}],"about":[{"href":"https:\/\/migracao.redenoticia.com.br\/noticia\/wp-json\/wp\/v2\/types\/post"}],"author":[{"embeddable":true,"href":"https:\/\/migracao.redenoticia.com.br\/noticia\/wp-json\/wp\/v2\/users\/4"}],"replies":[{"embeddable":true,"href":"https:\/\/migracao.redenoticia.com.br\/noticia\/wp-json\/wp\/v2\/comments?post=94154"}],"version-history":[{"count":0,"href":"https:\/\/migracao.redenoticia.com.br\/noticia\/wp-json\/wp\/v2\/posts\/94154\/revisions"}],"wp:featuredmedia":[{"embeddable":true,"href":"https:\/\/migracao.redenoticia.com.br\/noticia\/wp-json\/wp\/v2\/media\/91715"}],"wp:attachment":[{"href":"https:\/\/migracao.redenoticia.com.br\/noticia\/wp-json\/wp\/v2\/media?parent=94154"}],"wp:term":[{"taxonomy":"category","embeddable":true,"href":"https:\/\/migracao.redenoticia.com.br\/noticia\/wp-json\/wp\/v2\/categories?post=94154"},{"taxonomy":"post_tag","embeddable":true,"href":"https:\/\/migracao.redenoticia.com.br\/noticia\/wp-json\/wp\/v2\/tags?post=94154"}],"curies":[{"name":"wp","href":"https:\/\/api.w.org\/{rel}","templated":true}]}}