{"id":94160,"date":"2016-08-31T20:35:38","date_gmt":"2016-08-31T23:35:38","guid":{"rendered":"http:\/\/www.redenoticia.com.br\/noticia\/?p=94160"},"modified":"2016-08-31T18:12:31","modified_gmt":"2016-08-31T21:12:31","slug":"novela-carrossel-resumo-0109-olivia-se-emociona-com-a-demonstracao-de-carinho","status":"publish","type":"post","link":"https:\/\/migracao.redenoticia.com.br\/noticia\/2016\/novela-carrossel-resumo-0109-olivia-se-emociona-com-a-demonstracao-de-carinho\/94160","title":{"rendered":"Novela \u201cCarrossel\u201d resumo 01\/09: Ol\u00edvia se emociona com demonstra\u00e7\u00e3o de carinho"},"content":{"rendered":"<p><img loading=\"lazy\" decoding=\"async\" class=\"alignleft size-thumbnail wp-image-82147\" src=\"https:\/\/migracao.redenoticia.com.br\/noticia\/imagens\/Carrossel_resumo_novela_sbt-150x112.jpg\" alt=\"Carrossel_resumo_novela_sbt\" width=\"150\" height=\"112\" srcset=\"https:\/\/migracao.redenoticia.com.br\/noticia\/imagens\/Carrossel_resumo_novela_sbt-150x112.jpg 150w, https:\/\/migracao.redenoticia.com.br\/noticia\/imagens\/Carrossel_resumo_novela_sbt-265x198.jpg 265w\" sizes=\"auto, (max-width: 150px) 100vw, 150px\" \/><strong><em>Novela \u201cCarrossel\u201d resumo 01\/09<\/em><\/strong>:\u00a0Davi espiona Ol\u00edvia. A diretora sai para mais um dia de passeio com dona Am\u00e9lia. O garoto avisa Val\u00e9ria que Ol\u00edvia saiu de casa. Na pra\u00e7a, todos se re\u00fanem para um piquenique e esperam a diretora e sua m\u00e3e para a grande surpresa. Ao chegar no local, Ol\u00edvia se espanta e estranha ao ver todos os alunos e funcion\u00e1rios da Escola Mundial. Helena conta para Ol\u00edvia o que descobriram. As crian\u00e7as dizem para a diretora que ela pode contar com cada um deles, e que todos s\u00e3o seus amigos. Ol\u00edvia se emociona com a demonstra\u00e7\u00e3o de carinho e agradece a todos pelo momento.<\/p>\n<p>No cap\u00edtulo 384(*), novela \u201cCarrossel\u201d, quinta-feira, 01 de setembro \u2013 na casa abandonada, Bibi e Al\u00edcia conversam e Paulo chega e pede para falar com Al\u00edcia, mas acabado dizendo que n\u00e3o gosta da amiga. A garota fica sem entender, mas Paulo fica feliz em conseguir dizer isso.<\/p>\n<p>Davi espiona Ol\u00edvia. A diretora sai para mais um dia de passeio com dona Am\u00e9lia. O garoto avisa Val\u00e9ria que Ol\u00edvia saiu de casa. Na pra\u00e7a, todos se re\u00fanem para um piquenique e esperam a diretora e sua m\u00e3e para a grande surpresa. Ao chegar no local, Ol\u00edvia se espanta e estranha ao ver todos os alunos e funcion\u00e1rios da Escola Mundial.<\/p>\n<p>Helena conta para Ol\u00edvia o que descobriram. As crian\u00e7as dizem para a diretora que ela pode contar com cada um deles e que todos s\u00e3o seus amigos. Ol\u00edvia se emociona com a demonstra\u00e7\u00e3o de carinho e agradece a todos pelo momento.<\/p>\n<p>(*) edi\u00e7\u00e3o do SBT, Novela \u201cCarrossel\u201d, sujeito a altera\u00e7\u00e3o de data e conte\u00fado.<\/p>\n","protected":false},"excerpt":{"rendered":"<p>Novela \u201cCarrossel\u201d resumo 01\/09:\u00a0Davi espiona Ol\u00edvia. A diretora sai para mais um dia de passeio com dona Am\u00e9lia. O garoto avisa Val\u00e9ria que Ol\u00edvia saiu de casa. Na pra\u00e7a, todos se re\u00fanem para um piquenique e esperam a diretora e sua m\u00e3e para a grande surpresa. Ao chegar no local, Ol\u00edvia se espanta e estranha [&hellip;]<\/p>\n","protected":false},"author":4,"featured_media":82147,"comment_status":"open","ping_status":"closed","sticky":false,"template":"","format":"standard","meta":{"tdm_status":"","tdm_grid_status":"","footnotes":""},"categories":[379,372,343],"tags":[441],"class_list":{"0":"post-94160","1":"post","2":"type-post","3":"status-publish","4":"format-standard","5":"has-post-thumbnail","7":"category-novelas","8":"category-sbt","9":"category-televisao","10":"tag-resumo-do-dia"},"_links":{"self":[{"href":"https:\/\/migracao.redenoticia.com.br\/noticia\/wp-json\/wp\/v2\/posts\/94160","targetHints":{"allow":["GET"]}}],"collection":[{"href":"https:\/\/migracao.redenoticia.com.br\/noticia\/wp-json\/wp\/v2\/posts"}],"about":[{"href":"https:\/\/migracao.redenoticia.com.br\/noticia\/wp-json\/wp\/v2\/types\/post"}],"author":[{"embeddable":true,"href":"https:\/\/migracao.redenoticia.com.br\/noticia\/wp-json\/wp\/v2\/users\/4"}],"replies":[{"embeddable":true,"href":"https:\/\/migracao.redenoticia.com.br\/noticia\/wp-json\/wp\/v2\/comments?post=94160"}],"version-history":[{"count":0,"href":"https:\/\/migracao.redenoticia.com.br\/noticia\/wp-json\/wp\/v2\/posts\/94160\/revisions"}],"wp:featuredmedia":[{"embeddable":true,"href":"https:\/\/migracao.redenoticia.com.br\/noticia\/wp-json\/wp\/v2\/media\/82147"}],"wp:attachment":[{"href":"https:\/\/migracao.redenoticia.com.br\/noticia\/wp-json\/wp\/v2\/media?parent=94160"}],"wp:term":[{"taxonomy":"category","embeddable":true,"href":"https:\/\/migracao.redenoticia.com.br\/noticia\/wp-json\/wp\/v2\/categories?post=94160"},{"taxonomy":"post_tag","embeddable":true,"href":"https:\/\/migracao.redenoticia.com.br\/noticia\/wp-json\/wp\/v2\/tags?post=94160"}],"curies":[{"name":"wp","href":"https:\/\/api.w.org\/{rel}","templated":true}]}}