{"id":94166,"date":"2016-08-31T18:15:36","date_gmt":"2016-08-31T21:15:36","guid":{"rendered":"http:\/\/www.redenoticia.com.br\/noticia\/?p=94166"},"modified":"2016-08-31T18:07:11","modified_gmt":"2016-08-31T21:07:11","slug":"novela-a-gata-resumo-0109-jacira-diz-a-mercedes-que-esmeralda-deve-se-esquecer-de-paulo","status":"publish","type":"post","link":"https:\/\/migracao.redenoticia.com.br\/noticia\/2016\/novela-a-gata-resumo-0109-jacira-diz-a-mercedes-que-esmeralda-deve-se-esquecer-de-paulo\/94166","title":{"rendered":"Novela \u201cA Gata\u201d resumo 01\/09: Esmeralda amamenta seus beb\u00eas"},"content":{"rendered":"<p><img loading=\"lazy\" decoding=\"async\" class=\"alignleft size-thumbnail wp-image-92254\" src=\"https:\/\/migracao.redenoticia.com.br\/noticia\/imagens\/A_Gata_novela_resumo_SBT-150x112.jpg\" alt=\"A_Gata_novela_resumo_SBT\" width=\"150\" height=\"112\" srcset=\"https:\/\/migracao.redenoticia.com.br\/noticia\/imagens\/A_Gata_novela_resumo_SBT-150x112.jpg 150w, https:\/\/migracao.redenoticia.com.br\/noticia\/imagens\/A_Gata_novela_resumo_SBT-265x198.jpg 265w\" sizes=\"auto, (max-width: 150px) 100vw, 150px\" \/><strong><em>Novela \u201cA Gata\u201d resumo 01\/09<\/em><\/strong>:chega a hora do parto de Esmeralda e o doutor diz que v\u00e3o anestesi\u00e1-la para realizar uma cesariana. Esmeralda pede ao m\u00e9dico que n\u00e3o a fa\u00e7a dormir, pois teme n\u00e3o acordar. O doutor pede para ela n\u00e3o se preocupar. Uma enfermeira diz a Esmeralda que ela teve um menino e uma menina. Esmeralda diz que agora sua vida voltou a ter raz\u00e3o. Esmeralda diz a Jacira que seus filhos se chamar\u00e3o Paulo e Jacira, como homenagem. Jacira vai \u00e0 casa de Lorena para informar lhe que ela j\u00e1 \u00e9 av\u00f3. Lorena manda Jacira se retirar, do contr\u00e1rio a tirar\u00e1 ela mesma. Jacira esbofeteia Lorena e diz que ela lhe d\u00e1 asco. Esmeralda, feliz, amamenta seus beb\u00eas. <\/p>\n<p>&nbsp;<\/p>\n<p>No cap\u00edtulo 014(*), novela \u201cA Gata\u201d, quinta-feira, 01 de setembro \u2013 o senhor Velasco se preocupa ao ver Esmeralda no ch\u00e3o a leva ao hospital. Paulo diz a Henry que M\u00f4nica \u00e9 uma mulher excepcional e merece ser amada, por tanto, talvez ele possa esquecer Esmeralda em seus bra\u00e7os. Jacira diz a Mercedes que Esmeralda vai ter g\u00eameos. O diretor do pres\u00eddio apresenta o advogado Os\u00f3rio ao Silencioso, que o encarrega de encontrar sua filha. Dami\u00e3o diz a sua m\u00e3e que foi uma ben\u00e7\u00e3o encontrar se com Fernando Santa Cruz. O Silencioso, por fim, fica em liberdade e Dami\u00e3o o espera na sa\u00edda. Augusto diz a Lorena que o momento que tanto temiam, chegou.<\/p>\n<p>Paulo diz a Henry que n\u00e3o consegue esquecer Esmeralda. Chega a hora de Esmeralda, e o doutor diz a ela que v\u00e3o anestesi\u00e1-la para realizar uma cesariana. Esmeralda pede ao m\u00e9dico que n\u00e3o a fa\u00e7a dormir, pois teme n\u00e3o acordar. O doutor pede para ela n\u00e3o se preocupar. Uma enfermeira diz a Esmeralda que ela teve um menino e uma menina. Esmeralda diz que agora sua vida voltou a ter raz\u00e3o. Esmeralda diz a Jacira que seus filhos se chamar\u00e3o Paulo e Jacira, como homenagem. Jacira vai \u00e0 casa de Lorena para informar lhe que ela j\u00e1 \u00e9 av\u00f3.<\/p>\n<p>Lorena manda Jacira se retirar, do contr\u00e1rio a tirar\u00e1 ela mesma. Jacira esbofeteia Lorena e diz que ela lhe d\u00e1 asco. Esmeralda, feliz, amamenta seus beb\u00eas. Lorena se queixa com Augusto pela agress\u00e3o que recebeu de Jacira. Ele responde que n\u00e3o deveriam deixar qualquer uma entrar em sua casa. Jacira diz a Mercedes que Esmeralda deve se esquecer de Paulo. Augusto diz a Paulo que viu Esmeralda e sua gravidez j\u00e1 \u00e9 aparente. Paulo pensa que Esmeralda ter\u00e1 um filho de outro homem. Augusto aconselha o filho a se esquecer de Esmeralda, pois \u00e9 fato que ela nunca o amou. Jacira tenta convencer Domenico a emprestar dinheiro para ela comprar algumas coisas para os beb\u00eas de Esmeralda, Domenico responde que dar\u00e1 tudo que Esmeralda quiser, por\u00e9m ela tem que se casar com ele.<\/p>\n<p>(*) edi\u00e7\u00e3o do SBT, Novela \u201cA Gata\u201d, sujeito a altera\u00e7\u00e3o de data e conte\u00fado.<\/p>\n","protected":false},"excerpt":{"rendered":"<p>Novela \u201cA Gata\u201d resumo 01\/09:chega a hora do parto de Esmeralda e o doutor diz que v\u00e3o anestesi\u00e1-la para realizar uma cesariana. Esmeralda pede ao m\u00e9dico que n\u00e3o a fa\u00e7a dormir, pois teme n\u00e3o acordar. O doutor pede para ela n\u00e3o se preocupar. Uma enfermeira diz a Esmeralda que ela teve um menino e uma [&hellip;]<\/p>\n","protected":false},"author":4,"featured_media":92254,"comment_status":"open","ping_status":"closed","sticky":false,"template":"","format":"standard","meta":{"tdm_status":"","tdm_grid_status":"","footnotes":""},"categories":[379,372,343],"tags":[441],"class_list":{"0":"post-94166","1":"post","2":"type-post","3":"status-publish","4":"format-standard","5":"has-post-thumbnail","7":"category-novelas","8":"category-sbt","9":"category-televisao","10":"tag-resumo-do-dia"},"_links":{"self":[{"href":"https:\/\/migracao.redenoticia.com.br\/noticia\/wp-json\/wp\/v2\/posts\/94166","targetHints":{"allow":["GET"]}}],"collection":[{"href":"https:\/\/migracao.redenoticia.com.br\/noticia\/wp-json\/wp\/v2\/posts"}],"about":[{"href":"https:\/\/migracao.redenoticia.com.br\/noticia\/wp-json\/wp\/v2\/types\/post"}],"author":[{"embeddable":true,"href":"https:\/\/migracao.redenoticia.com.br\/noticia\/wp-json\/wp\/v2\/users\/4"}],"replies":[{"embeddable":true,"href":"https:\/\/migracao.redenoticia.com.br\/noticia\/wp-json\/wp\/v2\/comments?post=94166"}],"version-history":[{"count":0,"href":"https:\/\/migracao.redenoticia.com.br\/noticia\/wp-json\/wp\/v2\/posts\/94166\/revisions"}],"wp:featuredmedia":[{"embeddable":true,"href":"https:\/\/migracao.redenoticia.com.br\/noticia\/wp-json\/wp\/v2\/media\/92254"}],"wp:attachment":[{"href":"https:\/\/migracao.redenoticia.com.br\/noticia\/wp-json\/wp\/v2\/media?parent=94166"}],"wp:term":[{"taxonomy":"category","embeddable":true,"href":"https:\/\/migracao.redenoticia.com.br\/noticia\/wp-json\/wp\/v2\/categories?post=94166"},{"taxonomy":"post_tag","embeddable":true,"href":"https:\/\/migracao.redenoticia.com.br\/noticia\/wp-json\/wp\/v2\/tags?post=94166"}],"curies":[{"name":"wp","href":"https:\/\/api.w.org\/{rel}","templated":true}]}}