{"id":94168,"date":"2016-08-31T17:15:52","date_gmt":"2016-08-31T20:15:52","guid":{"rendered":"http:\/\/www.redenoticia.com.br\/noticia\/?p=94168"},"modified":"2016-08-31T17:59:33","modified_gmt":"2016-08-31T20:59:33","slug":"novela-abismo-da-paixao-resumo-0109-almerinda-se-nega-a-ouvir-ramona","status":"publish","type":"post","link":"https:\/\/migracao.redenoticia.com.br\/noticia\/2016\/novela-abismo-da-paixao-resumo-0109-almerinda-se-nega-a-ouvir-ramona\/94168","title":{"rendered":"Novela \u201cAbismo da Paix\u00e3o\u201d resumo 01\/09: Almerinda se nega a ouvir Ramona"},"content":{"rendered":"<p><img loading=\"lazy\" decoding=\"async\" class=\"alignleft size-thumbnail wp-image-81978\" src=\"https:\/\/migracao.redenoticia.com.br\/noticia\/imagens\/abismo_de_paixao_sbt_resumo_novela-150x112.jpg\" alt=\"abismo_de_paixao_sbt_resumo_novela\" width=\"150\" height=\"112\" srcset=\"https:\/\/migracao.redenoticia.com.br\/noticia\/imagens\/abismo_de_paixao_sbt_resumo_novela-150x112.jpg 150w, https:\/\/migracao.redenoticia.com.br\/noticia\/imagens\/abismo_de_paixao_sbt_resumo_novela-265x198.jpg 265w\" sizes=\"auto, (max-width: 150px) 100vw, 150px\" \/><strong><em>Novela \u201cAbismo da Paix\u00e3o\u201d resumo 01\/09<\/em><\/strong>:\u00a0Flor\u00eancia vai ver Ramona em sua cabana para explicar sua situa\u00e7\u00e3o e a pede para n\u00e3o dizer nada, j\u00e1 que tem muito medo de Almerinda. Mais tarde, na igreja, Ramona e Almerinda se encontram. Ramona pede que a senhora a escute, j\u00e1 que precisa revelar o que descobriu sobre o acidente que matou Rog\u00e9rio e Estef\u00e2nia. Almerinda se nega a ouvi-la.<\/p>\n<p>No cap\u00edtulo 114 (*), novela \u201cAbismo da Paix\u00e3o\u201d, quinta-feira, 01 de setembro \u2013 Ingrid diz a Edmundo que o ama, mas precisa deix\u00e1-lo porque Ramiro a agrediu por ter amado outro homem que n\u00e3o ele. Ingrid pede que Edmundo a esque\u00e7a e n\u00e3o tente provocar Ramiro, pois ele descontaria em seu filho.<\/p>\n<p>Flor\u00eancia vai ver Ramona em sua cabana para explicar sua situa\u00e7\u00e3o e a pede para n\u00e3o dizer nada. J\u00e1 que tem muito medo de Almerinda. Dolores e Br\u00e1ulio conversam sobre Vicente. Br\u00e1ulio diz temer perder o filho para Ramiro. Henrique pede Paloma em casamento. Neste momento entra Bet\u00e2nia e reclama com a jovem por ter armado uma \u201carapuca\u201d para seu filho.<\/p>\n<p>Paloma agradece a Henrique pela oferta, mas responde que n\u00e3o est\u00e1 disposta a faz\u00ea-lo infeliz, j\u00e1 que ela n\u00e3o o ama. Na igreja, Ramona e Almerinda se encontram. Ramona pede que a senhora a escute, j\u00e1 que precisa revelar o que descobriu sobre o acidente que matou Rog\u00e9rio e Estef\u00e2nia. Almerinda se nega a ouvi-la. Elisa e Gael v\u00e3o ver Ingrid na fazenda de Ramiro, mas ela se nega a receb\u00ea-los. Ramiro os expulsa e amea\u00e7a com uma arma. Ao ver Ingrid machucada, Elisa prop\u00f5e que ela fuja com eles.<\/p>\n<p>(*) edi\u00e7\u00e3o do SBT, Novela \u201cAbismo da Paix\u00e3o\u201d, sujeito a altera\u00e7\u00e3o de data e conte\u00fado.<\/p>\n","protected":false},"excerpt":{"rendered":"<p>Novela \u201cAbismo da Paix\u00e3o\u201d resumo 01\/09:\u00a0Flor\u00eancia vai ver Ramona em sua cabana para explicar sua situa\u00e7\u00e3o e a pede para n\u00e3o dizer nada, j\u00e1 que tem muito medo de Almerinda. Mais tarde, na igreja, Ramona e Almerinda se encontram. Ramona pede que a senhora a escute, j\u00e1 que precisa revelar o que descobriu sobre o [&hellip;]<\/p>\n","protected":false},"author":4,"featured_media":81978,"comment_status":"open","ping_status":"closed","sticky":false,"template":"","format":"standard","meta":{"tdm_status":"","tdm_grid_status":"","footnotes":""},"categories":[379,375,343],"tags":[441],"class_list":{"0":"post-94168","1":"post","2":"type-post","3":"status-publish","4":"format-standard","5":"has-post-thumbnail","7":"category-novelas","8":"category-rede-globo","9":"category-televisao","10":"tag-resumo-do-dia"},"_links":{"self":[{"href":"https:\/\/migracao.redenoticia.com.br\/noticia\/wp-json\/wp\/v2\/posts\/94168","targetHints":{"allow":["GET"]}}],"collection":[{"href":"https:\/\/migracao.redenoticia.com.br\/noticia\/wp-json\/wp\/v2\/posts"}],"about":[{"href":"https:\/\/migracao.redenoticia.com.br\/noticia\/wp-json\/wp\/v2\/types\/post"}],"author":[{"embeddable":true,"href":"https:\/\/migracao.redenoticia.com.br\/noticia\/wp-json\/wp\/v2\/users\/4"}],"replies":[{"embeddable":true,"href":"https:\/\/migracao.redenoticia.com.br\/noticia\/wp-json\/wp\/v2\/comments?post=94168"}],"version-history":[{"count":0,"href":"https:\/\/migracao.redenoticia.com.br\/noticia\/wp-json\/wp\/v2\/posts\/94168\/revisions"}],"wp:featuredmedia":[{"embeddable":true,"href":"https:\/\/migracao.redenoticia.com.br\/noticia\/wp-json\/wp\/v2\/media\/81978"}],"wp:attachment":[{"href":"https:\/\/migracao.redenoticia.com.br\/noticia\/wp-json\/wp\/v2\/media?parent=94168"}],"wp:term":[{"taxonomy":"category","embeddable":true,"href":"https:\/\/migracao.redenoticia.com.br\/noticia\/wp-json\/wp\/v2\/categories?post=94168"},{"taxonomy":"post_tag","embeddable":true,"href":"https:\/\/migracao.redenoticia.com.br\/noticia\/wp-json\/wp\/v2\/tags?post=94168"}],"curies":[{"name":"wp","href":"https:\/\/api.w.org\/{rel}","templated":true}]}}