{"id":94273,"date":"2016-09-01T20:15:45","date_gmt":"2016-09-01T23:15:45","guid":{"rendered":"http:\/\/www.redenoticia.com.br\/noticia\/?p=94273"},"modified":"2016-09-01T19:33:30","modified_gmt":"2016-09-01T22:33:30","slug":"novela-cumplices-de-um-resgate-resumo-0109-rebeca-descobre-que-isabela-mentiu-sobre-estar-doente","status":"publish","type":"post","link":"https:\/\/migracao.redenoticia.com.br\/noticia\/2016\/novela-cumplices-de-um-resgate-resumo-0109-rebeca-descobre-que-isabela-mentiu-sobre-estar-doente\/94273","title":{"rendered":"Novela \u201cC\u00famplices de um Resgate\u201d resumo 02\/09: Rebeca descobre mentira de Isabela"},"content":{"rendered":"<p><img loading=\"lazy\" decoding=\"async\" class=\"alignleft size-thumbnail wp-image-71351\" src=\"https:\/\/migracao.redenoticia.com.br\/noticia\/imagens\/cumplices_de_um_resgate_sbt_novela_resumo-150x112.jpg\" alt=\"cumplices_de_um_resgate_sbt_novela_resumo\" width=\"150\" height=\"112\" srcset=\"https:\/\/migracao.redenoticia.com.br\/noticia\/imagens\/cumplices_de_um_resgate_sbt_novela_resumo-150x112.jpg 150w, https:\/\/migracao.redenoticia.com.br\/noticia\/imagens\/cumplices_de_um_resgate_sbt_novela_resumo-265x198.jpg 265w\" sizes=\"auto, (max-width: 150px) 100vw, 150px\" \/><strong><em>Novela \u201cC\u00famplices de um Resgate\u201d resumo 01\/09<\/em><\/strong>:\u00a0T\u00e9o decide pegar um t\u00e1xi e ir sozinho para a cidade visitar Isabela. Enquanto isso, Rebeca descobre que Isabela mentiu sobre estar doente. Depois, T\u00e9o, Manuela e Rebeca voltam para o vilarejo. Isabela conversa com Mariana e pergunta se ela acha que T\u00e9o realmente gosta dela.<\/p>\n<p>No cap\u00edtulo 285(*), novela \u201cC\u00famplice de um Resgate\u201d, sexta-feira, 02 de setembro \u2013 Mateus, Sabrina e D\u00f3ris tiram Omar do buraco.<\/p>\n<p>Nina e Fiorina conversam e decidem tentar se entender melhor para recuperar o casamento de Pedro e Helena. As duas decidem serem amigas. Rebeca descobre que Isabela mentiu sobre estar doente.<\/p>\n<p>O personal trainer vai embora com o fim do contrato e Meire ter\u00e1 que terminar sua miss\u00e3o de emagrecer sozinha. T\u00e9o, Manuela e Rebeca voltam para o vilarejo. Isabela pergunta para Marina se ela acha que T\u00e9o realmente gosta dela.<\/p>\n<p>(*) edi\u00e7\u00e3o do SBT, Novela \u201cC\u00famplices de um Resgate\u201d, sujeito a altera\u00e7\u00e3o de data e conte\u00fado.<\/p>\n","protected":false},"excerpt":{"rendered":"<p>Novela \u201cC\u00famplices de um Resgate\u201d resumo 01\/09:\u00a0T\u00e9o decide pegar um t\u00e1xi e ir sozinho para a cidade visitar Isabela. Enquanto isso, Rebeca descobre que Isabela mentiu sobre estar doente. Depois, T\u00e9o, Manuela e Rebeca voltam para o vilarejo. Isabela conversa com Mariana e pergunta se ela acha que T\u00e9o realmente gosta dela. No cap\u00edtulo 285(*), [&hellip;]<\/p>\n","protected":false},"author":4,"featured_media":71351,"comment_status":"open","ping_status":"closed","sticky":false,"template":"","format":"standard","meta":{"tdm_status":"","tdm_grid_status":"","footnotes":""},"categories":[379,372,343],"tags":[441],"class_list":{"0":"post-94273","1":"post","2":"type-post","3":"status-publish","4":"format-standard","5":"has-post-thumbnail","7":"category-novelas","8":"category-sbt","9":"category-televisao","10":"tag-resumo-do-dia"},"_links":{"self":[{"href":"https:\/\/migracao.redenoticia.com.br\/noticia\/wp-json\/wp\/v2\/posts\/94273","targetHints":{"allow":["GET"]}}],"collection":[{"href":"https:\/\/migracao.redenoticia.com.br\/noticia\/wp-json\/wp\/v2\/posts"}],"about":[{"href":"https:\/\/migracao.redenoticia.com.br\/noticia\/wp-json\/wp\/v2\/types\/post"}],"author":[{"embeddable":true,"href":"https:\/\/migracao.redenoticia.com.br\/noticia\/wp-json\/wp\/v2\/users\/4"}],"replies":[{"embeddable":true,"href":"https:\/\/migracao.redenoticia.com.br\/noticia\/wp-json\/wp\/v2\/comments?post=94273"}],"version-history":[{"count":0,"href":"https:\/\/migracao.redenoticia.com.br\/noticia\/wp-json\/wp\/v2\/posts\/94273\/revisions"}],"wp:featuredmedia":[{"embeddable":true,"href":"https:\/\/migracao.redenoticia.com.br\/noticia\/wp-json\/wp\/v2\/media\/71351"}],"wp:attachment":[{"href":"https:\/\/migracao.redenoticia.com.br\/noticia\/wp-json\/wp\/v2\/media?parent=94273"}],"wp:term":[{"taxonomy":"category","embeddable":true,"href":"https:\/\/migracao.redenoticia.com.br\/noticia\/wp-json\/wp\/v2\/categories?post=94273"},{"taxonomy":"post_tag","embeddable":true,"href":"https:\/\/migracao.redenoticia.com.br\/noticia\/wp-json\/wp\/v2\/tags?post=94273"}],"curies":[{"name":"wp","href":"https:\/\/api.w.org\/{rel}","templated":true}]}}