{"id":94279,"date":"2016-09-01T21:10:18","date_gmt":"2016-09-02T00:10:18","guid":{"rendered":"http:\/\/www.redenoticia.com.br\/noticia\/?p=94279"},"modified":"2016-09-01T17:53:25","modified_gmt":"2016-09-01T20:53:25","slug":"novela-justica-resumo-0209-mauricio-presenteia-antenor-com-um-helicoptero","status":"publish","type":"post","link":"https:\/\/migracao.redenoticia.com.br\/noticia\/2016\/novela-justica-resumo-0209-mauricio-presenteia-antenor-com-um-helicoptero\/94279","title":{"rendered":"Novela \u201cJusti\u00e7a\u201d resumo 02\/09: Maur\u00edcio presenteia Antenor com um helic\u00f3ptero"},"content":{"rendered":"<p><img loading=\"lazy\" decoding=\"async\" class=\"alignleft size-thumbnail wp-image-92259\" src=\"https:\/\/migracao.redenoticia.com.br\/noticia\/imagens\/novela_globo_justica_resumo-150x112.jpg\" alt=\"novela_globo_justica_resumo\" width=\"150\" height=\"112\" srcset=\"https:\/\/migracao.redenoticia.com.br\/noticia\/imagens\/novela_globo_justica_resumo-150x112.jpg 150w, https:\/\/migracao.redenoticia.com.br\/noticia\/imagens\/novela_globo_justica_resumo-265x198.jpg 265w\" sizes=\"auto, (max-width: 150px) 100vw, 150px\" \/><strong><em>Novela \u201cJusti\u00e7a\u201d resumo 02\/09 <\/em><\/strong>:\u00a0Maur\u00edcio se lembra de Beatriz e sente raiva ao olhar a foto de Antenor. Depois, Maur\u00edcio e Celso tem uma reuni\u00e3o com ele. Logo depois, Maur\u00edcio leva dinheiro at\u00e9 o iate de Antenor. Mais tarde, Maur\u00edcio presenteia Antenor com um helic\u00f3ptero. <\/p>\n<p>No cap\u00edtulo 008(*), novela \u201cJusti\u00e7a\u201d, sexta-feira, 02 de setembro \u2013 Maur\u00edcio lembra de Beatriz e sente raiva ao olhar a foto de Antenor. Kellen ensina como Mayara\/Suzy, T\u00e2nia, L\u00f3vi, Kika e Ariel devem se portar na boate.<\/p>\n<p>Antenor tem uma reuni\u00e3o com Celso e Maur\u00edcio. Kellen prepara Mayara\/Suzy para Antenor. Celso se esconde no quiosque ao ver Douglas se aproximar. O contraventor lembra do dia em que conheceu Douglas e Kellen.<\/p>\n<p>Maur\u00edcio leva dinheiro at\u00e9 o iate de Antenor. Antenor tenta convencer Heitor a abafar o caso de T\u00e9o e Vanessa. Kellen estranha o comportamento de Mayara\/Suzy. Lucy entrevista V\u00e2nia. Maur\u00edcio presenteia Antenor com um helic\u00f3ptero. Kellen manda Mayara\/Suzy pegar um n\u00famero de telefone no celular de Antenor. T\u00e9o visita Vanessa.<\/p>\n<p>(*) edi\u00e7\u00e3o da Rede Globo, Novela \u201cJusti\u00e7a\u201d, sujeito a altera\u00e7\u00e3o de data e conte\u00fado.<\/p>\n","protected":false},"excerpt":{"rendered":"<p>Novela \u201cJusti\u00e7a\u201d resumo 02\/09 :\u00a0Maur\u00edcio se lembra de Beatriz e sente raiva ao olhar a foto de Antenor. Depois, Maur\u00edcio e Celso tem uma reuni\u00e3o com ele. Logo depois, Maur\u00edcio leva dinheiro at\u00e9 o iate de Antenor. Mais tarde, Maur\u00edcio presenteia Antenor com um helic\u00f3ptero. No cap\u00edtulo 008(*), novela \u201cJusti\u00e7a\u201d, sexta-feira, 02 de setembro \u2013 [&hellip;]<\/p>\n","protected":false},"author":4,"featured_media":92259,"comment_status":"open","ping_status":"closed","sticky":false,"template":"","format":"standard","meta":{"tdm_status":"","tdm_grid_status":"","footnotes":""},"categories":[379,375,343],"tags":[441],"class_list":{"0":"post-94279","1":"post","2":"type-post","3":"status-publish","4":"format-standard","5":"has-post-thumbnail","7":"category-novelas","8":"category-rede-globo","9":"category-televisao","10":"tag-resumo-do-dia"},"_links":{"self":[{"href":"https:\/\/migracao.redenoticia.com.br\/noticia\/wp-json\/wp\/v2\/posts\/94279","targetHints":{"allow":["GET"]}}],"collection":[{"href":"https:\/\/migracao.redenoticia.com.br\/noticia\/wp-json\/wp\/v2\/posts"}],"about":[{"href":"https:\/\/migracao.redenoticia.com.br\/noticia\/wp-json\/wp\/v2\/types\/post"}],"author":[{"embeddable":true,"href":"https:\/\/migracao.redenoticia.com.br\/noticia\/wp-json\/wp\/v2\/users\/4"}],"replies":[{"embeddable":true,"href":"https:\/\/migracao.redenoticia.com.br\/noticia\/wp-json\/wp\/v2\/comments?post=94279"}],"version-history":[{"count":0,"href":"https:\/\/migracao.redenoticia.com.br\/noticia\/wp-json\/wp\/v2\/posts\/94279\/revisions"}],"wp:featuredmedia":[{"embeddable":true,"href":"https:\/\/migracao.redenoticia.com.br\/noticia\/wp-json\/wp\/v2\/media\/92259"}],"wp:attachment":[{"href":"https:\/\/migracao.redenoticia.com.br\/noticia\/wp-json\/wp\/v2\/media?parent=94279"}],"wp:term":[{"taxonomy":"category","embeddable":true,"href":"https:\/\/migracao.redenoticia.com.br\/noticia\/wp-json\/wp\/v2\/categories?post=94279"},{"taxonomy":"post_tag","embeddable":true,"href":"https:\/\/migracao.redenoticia.com.br\/noticia\/wp-json\/wp\/v2\/tags?post=94279"}],"curies":[{"name":"wp","href":"https:\/\/api.w.org\/{rel}","templated":true}]}}