{"id":94281,"date":"2016-09-01T21:00:07","date_gmt":"2016-09-02T00:00:07","guid":{"rendered":"http:\/\/www.redenoticia.com.br\/noticia\/?p=94281"},"modified":"2016-09-01T17:51:28","modified_gmt":"2016-09-01T20:51:28","slug":"novela-velho-chico-resumo-0209-carlos-eduardo-chantageia-afranio","status":"publish","type":"post","link":"https:\/\/migracao.redenoticia.com.br\/noticia\/2016\/novela-velho-chico-resumo-0209-carlos-eduardo-chantageia-afranio\/94281","title":{"rendered":"Novela \u201cVelho Chico\u201d resumo 02\/09: Queiroz manda Bento para a cadeia"},"content":{"rendered":"<p><img loading=\"lazy\" decoding=\"async\" class=\"alignleft size-thumbnail wp-image-82169\" src=\"https:\/\/migracao.redenoticia.com.br\/noticia\/imagens\/velho_chico_novela_resumo_globo-150x112.jpg\" alt=\"velho_chico_novela_resumo_globo\" width=\"150\" height=\"112\" srcset=\"https:\/\/migracao.redenoticia.com.br\/noticia\/imagens\/velho_chico_novela_resumo_globo-150x112.jpg 150w, https:\/\/migracao.redenoticia.com.br\/noticia\/imagens\/velho_chico_novela_resumo_globo-265x198.jpg 265w\" sizes=\"auto, (max-width: 150px) 100vw, 150px\" \/><strong><em>Novela \u201cVelho Chico\u201d resumo 02\/09<\/em><\/strong>:\u00a0Carlos Eduardo chantageia Afr\u00e2nio, consegue se tornar o novo coronel Saru\u00ea e resolve fazer um discurso para os moradores da cidade. Bento n\u00e3o desperdi\u00e7a a chance de desafi\u00e1-lo na frente de todos. A discuss\u00e3o entre os dois continua e Queiroz manda seus homens levarem Bento para a cadeia.<\/p>\n<p>No cap\u00edtulo 149(*), novela \u201cVelho Chico\u201d, sexta-feira, 02 de setembro \u2013 Tereza discute com Carlos. C\u00edcero incentiva Afr\u00e2nio a enfrentar o genro. Afr\u00e2nio confronta Carlos.<\/p>\n<p>Tereza consegue mais uma venda para a cooperativa. Os pequenos produtores agradecem a Miguel e Ol\u00edvia pelas entregas no mercado.<\/p>\n<p>Lucas leva Isabel, Piedade e Luzia at\u00e9 a Associa\u00e7\u00e3o das Rendeiras. Afr\u00e2nio tenta se entender com Iolanda. Encarna\u00e7\u00e3o manda C\u00edcero acompanhar os passos de Carlos. Bento enfrenta Carlos durante o discurso dele na pra\u00e7a de Grotas.<\/p>\n<p>(*) edi\u00e7\u00e3o da Rede Globo, Novela \u201cVelho Chico\u201d, sujeito a altera\u00e7\u00e3o de data e conte\u00fado.<\/p>\n","protected":false},"excerpt":{"rendered":"<p>Novela \u201cVelho Chico\u201d resumo 02\/09:\u00a0Carlos Eduardo chantageia Afr\u00e2nio, consegue se tornar o novo coronel Saru\u00ea e resolve fazer um discurso para os moradores da cidade. Bento n\u00e3o desperdi\u00e7a a chance de desafi\u00e1-lo na frente de todos. A discuss\u00e3o entre os dois continua e Queiroz manda seus homens levarem Bento para a cadeia. No cap\u00edtulo 149(*), [&hellip;]<\/p>\n","protected":false},"author":4,"featured_media":82169,"comment_status":"open","ping_status":"closed","sticky":false,"template":"","format":"standard","meta":{"tdm_status":"","tdm_grid_status":"","footnotes":""},"categories":[379,375,343],"tags":[441],"class_list":{"0":"post-94281","1":"post","2":"type-post","3":"status-publish","4":"format-standard","5":"has-post-thumbnail","7":"category-novelas","8":"category-rede-globo","9":"category-televisao","10":"tag-resumo-do-dia"},"_links":{"self":[{"href":"https:\/\/migracao.redenoticia.com.br\/noticia\/wp-json\/wp\/v2\/posts\/94281","targetHints":{"allow":["GET"]}}],"collection":[{"href":"https:\/\/migracao.redenoticia.com.br\/noticia\/wp-json\/wp\/v2\/posts"}],"about":[{"href":"https:\/\/migracao.redenoticia.com.br\/noticia\/wp-json\/wp\/v2\/types\/post"}],"author":[{"embeddable":true,"href":"https:\/\/migracao.redenoticia.com.br\/noticia\/wp-json\/wp\/v2\/users\/4"}],"replies":[{"embeddable":true,"href":"https:\/\/migracao.redenoticia.com.br\/noticia\/wp-json\/wp\/v2\/comments?post=94281"}],"version-history":[{"count":0,"href":"https:\/\/migracao.redenoticia.com.br\/noticia\/wp-json\/wp\/v2\/posts\/94281\/revisions"}],"wp:featuredmedia":[{"embeddable":true,"href":"https:\/\/migracao.redenoticia.com.br\/noticia\/wp-json\/wp\/v2\/media\/82169"}],"wp:attachment":[{"href":"https:\/\/migracao.redenoticia.com.br\/noticia\/wp-json\/wp\/v2\/media?parent=94281"}],"wp:term":[{"taxonomy":"category","embeddable":true,"href":"https:\/\/migracao.redenoticia.com.br\/noticia\/wp-json\/wp\/v2\/categories?post=94281"},{"taxonomy":"post_tag","embeddable":true,"href":"https:\/\/migracao.redenoticia.com.br\/noticia\/wp-json\/wp\/v2\/tags?post=94281"}],"curies":[{"name":"wp","href":"https:\/\/api.w.org\/{rel}","templated":true}]}}