{"id":94285,"date":"2016-09-01T18:10:25","date_gmt":"2016-09-01T21:10:25","guid":{"rendered":"http:\/\/www.redenoticia.com.br\/noticia\/?p=94285"},"modified":"2016-09-01T17:40:32","modified_gmt":"2016-09-01T20:40:32","slug":"novela-sol-nascente-resumo-0209-yumi-e-hiro-arrumam-alice-para-sua-festa-de-despedida","status":"publish","type":"post","link":"https:\/\/migracao.redenoticia.com.br\/noticia\/2016\/novela-sol-nascente-resumo-0209-yumi-e-hiro-arrumam-alice-para-sua-festa-de-despedida\/94285","title":{"rendered":"Novela \u201cSol Nascente\u201d resumo 02\/09: Mario se recusa a falar com Ralf"},"content":{"rendered":"<p><img loading=\"lazy\" decoding=\"async\" class=\"alignleft size-thumbnail wp-image-91714\" src=\"https:\/\/migracao.redenoticia.com.br\/noticia\/imagens\/sol_nascente_resumo_novela_globo-150x112.jpg\" alt=\"sol_nascente_resumo_novela_globo\" width=\"150\" height=\"112\" srcset=\"https:\/\/migracao.redenoticia.com.br\/noticia\/imagens\/sol_nascente_resumo_novela_globo-150x112.jpg 150w, https:\/\/migracao.redenoticia.com.br\/noticia\/imagens\/sol_nascente_resumo_novela_globo-265x198.jpg 265w\" sizes=\"auto, (max-width: 150px) 100vw, 150px\" \/><strong><em>Novela \u201cSol Nascente\u201d resumo 02\/09<\/em><\/strong>:\u00a0Ralf revela a Mario que teve um romance com Alice e este discute com o tatuador. Depois, Mario discute com Alice. Yumi tenta consolar Alice, enquanto Mario se recusa a falar com Ralf. Mais tarde, Yumi e Hir\u00f4 arrumam Alice para sua festa de despedida. Geppina tenta convencer Mario de ir \u00e0 festa de despedida de Alice, que sofre com a aus\u00eancia de seu melhor amigo.<\/p>\n<p>No cap\u00edtulo 005(*), novela \u201cSol Nascente\u201d, sexta-feira, 02 de setembro \u2013 Mario discute com Ralf. Milena e Peppino conversam com Beatriz. Mario pensa em Alice.<\/p>\n<p>Vittorio procura Lenita. Gaetano constr\u00f3i em Arraial uma r\u00e9plica da fontana onde conheceu Geppina. Mario discute com Alice. C\u00e9sar vai a um bingo clandestino e acaba preso.<\/p>\n<p>Yumi tenta consolar Alice. Mario se recusa a falar com Ralf. Yumi e Hir\u00f4 arrumam Alice para sua festa de despedida. Cesar descobre que foi preso por causa de Sirlene. Geppina tenta convencer Mario de ir \u00e0 festa de despedida de Alice. Alice sofre com a aus\u00eancia de Mario.<\/p>\n<p>(*) edi\u00e7\u00e3o da Rede Globo, Novela \u201cSol Nascente\u201d, sujeito a altera\u00e7\u00e3o de data e conte\u00fado.<\/p>\n","protected":false},"excerpt":{"rendered":"<p>Novela \u201cSol Nascente\u201d resumo 02\/09:\u00a0Ralf revela a Mario que teve um romance com Alice e este discute com o tatuador. Depois, Mario discute com Alice. Yumi tenta consolar Alice, enquanto Mario se recusa a falar com Ralf. Mais tarde, Yumi e Hir\u00f4 arrumam Alice para sua festa de despedida. Geppina tenta convencer Mario de ir [&hellip;]<\/p>\n","protected":false},"author":4,"featured_media":91714,"comment_status":"open","ping_status":"closed","sticky":false,"template":"","format":"standard","meta":{"tdm_status":"","tdm_grid_status":"","footnotes":""},"categories":[379,375,343],"tags":[441],"class_list":{"0":"post-94285","1":"post","2":"type-post","3":"status-publish","4":"format-standard","5":"has-post-thumbnail","7":"category-novelas","8":"category-rede-globo","9":"category-televisao","10":"tag-resumo-do-dia"},"_links":{"self":[{"href":"https:\/\/migracao.redenoticia.com.br\/noticia\/wp-json\/wp\/v2\/posts\/94285","targetHints":{"allow":["GET"]}}],"collection":[{"href":"https:\/\/migracao.redenoticia.com.br\/noticia\/wp-json\/wp\/v2\/posts"}],"about":[{"href":"https:\/\/migracao.redenoticia.com.br\/noticia\/wp-json\/wp\/v2\/types\/post"}],"author":[{"embeddable":true,"href":"https:\/\/migracao.redenoticia.com.br\/noticia\/wp-json\/wp\/v2\/users\/4"}],"replies":[{"embeddable":true,"href":"https:\/\/migracao.redenoticia.com.br\/noticia\/wp-json\/wp\/v2\/comments?post=94285"}],"version-history":[{"count":0,"href":"https:\/\/migracao.redenoticia.com.br\/noticia\/wp-json\/wp\/v2\/posts\/94285\/revisions"}],"wp:featuredmedia":[{"embeddable":true,"href":"https:\/\/migracao.redenoticia.com.br\/noticia\/wp-json\/wp\/v2\/media\/91714"}],"wp:attachment":[{"href":"https:\/\/migracao.redenoticia.com.br\/noticia\/wp-json\/wp\/v2\/media?parent=94285"}],"wp:term":[{"taxonomy":"category","embeddable":true,"href":"https:\/\/migracao.redenoticia.com.br\/noticia\/wp-json\/wp\/v2\/categories?post=94285"},{"taxonomy":"post_tag","embeddable":true,"href":"https:\/\/migracao.redenoticia.com.br\/noticia\/wp-json\/wp\/v2\/tags?post=94285"}],"curies":[{"name":"wp","href":"https:\/\/api.w.org\/{rel}","templated":true}]}}