{"id":94287,"date":"2016-09-01T17:50:48","date_gmt":"2016-09-01T20:50:48","guid":{"rendered":"http:\/\/www.redenoticia.com.br\/noticia\/?p=94287"},"modified":"2016-09-01T17:38:31","modified_gmt":"2016-09-01T20:38:31","slug":"novela-malhacao-resumo-0209-joana-e-contratada-na-forma-e-ao-encontrar-com-caio-fica-sem-reacao","status":"publish","type":"post","link":"https:\/\/migracao.redenoticia.com.br\/noticia\/2016\/novela-malhacao-resumo-0209-joana-e-contratada-na-forma-e-ao-encontrar-com-caio-fica-sem-reacao\/94287","title":{"rendered":"Novela \u201cMalha\u00e7\u00e3o\u201d resumo 02\/09: Joana \u00e9 contratada na academia Forma"},"content":{"rendered":"<p><img loading=\"lazy\" decoding=\"async\" class=\"alignleft size-thumbnail wp-image-91715\" src=\"https:\/\/migracao.redenoticia.com.br\/noticia\/imagens\/malhacao_pro_dia_nascer_feliz_resumo_novela-150x112.jpg\" alt=\"malhacao_pro_dia_nascer_feliz_resumo_novela\" width=\"150\" height=\"112\" srcset=\"https:\/\/migracao.redenoticia.com.br\/noticia\/imagens\/malhacao_pro_dia_nascer_feliz_resumo_novela-150x112.jpg 150w, https:\/\/migracao.redenoticia.com.br\/noticia\/imagens\/malhacao_pro_dia_nascer_feliz_resumo_novela-265x198.jpg 265w\" sizes=\"auto, (max-width: 150px) 100vw, 150px\" \/><strong><em>Novela \u201cMalha\u00e7\u00e3o\u201d resumo 02\/09<\/em><\/strong>:\u00a0Nanda come\u00e7a a trabalhar na Forma e B\u00e1rbara a manda chamar a aten\u00e7\u00e3o de J\u00e9ssica. Ent\u00e3o, Nanda finge brigar com J\u00e9ssica na frente de B\u00e1rbara. T\u00e2nia \u00e9 convocada para ir ao Dom Fern\u00e3o e, ao chegar, encontra Ricardo, que tamb\u00e9m foi convocado. Joana \u00e9 contratada na Forma e, ao se encontrar com Caio, fica sem rea\u00e7\u00e3o.<\/p>\n<p>No cap\u00edtulo 010(*), novela \u201cMalha\u00e7\u00e3o\u201d, sexta-feira, 02 de setembro \u2013 Giovane repreende Juliana por t\u00ea-lo beijado. B\u00e1rbara namora Gabriel. Joana \u00e9 contratada na Forma. Juliana n\u00e3o gosta de saber que Lucas trabalhar\u00e1 na academia. B\u00e1rbara manda Nanda chamar a aten\u00e7\u00e3o de J\u00e9ssica.<\/p>\n<p>Juliana afirma a Martinha que ir\u00e1 namorar Giovane. Jab\u00e1 arma para Arthur e Dod\u00f4. Nanda finge brigar com J\u00e9ssica na frente de B\u00e1rbara. T\u00e2nia \u00e9 convocada para ir ao Dom Fern\u00e3o.<\/p>\n<p>R\u00f4mulo pensa em chamar Jorj\u00e3o para treinar boxe com ele. Nanda d\u00e1 um ultimato a R\u00f4mulo. T\u00e2nia encontra Ricardo no Dom Fern\u00e3o. Joana fica sem rea\u00e7\u00e3o ao encontrar Caio.<\/p>\n<p>(*) edi\u00e7\u00e3o da Rede Globo, Novela \u201cMalha\u00e7\u00e3o\u201d, sujeito a altera\u00e7\u00e3o de data e conte\u00fado.<\/p>\n","protected":false},"excerpt":{"rendered":"<p>Novela \u201cMalha\u00e7\u00e3o\u201d resumo 02\/09:\u00a0Nanda come\u00e7a a trabalhar na Forma e B\u00e1rbara a manda chamar a aten\u00e7\u00e3o de J\u00e9ssica. Ent\u00e3o, Nanda finge brigar com J\u00e9ssica na frente de B\u00e1rbara. T\u00e2nia \u00e9 convocada para ir ao Dom Fern\u00e3o e, ao chegar, encontra Ricardo, que tamb\u00e9m foi convocado. Joana \u00e9 contratada na Forma e, ao se encontrar com [&hellip;]<\/p>\n","protected":false},"author":4,"featured_media":91715,"comment_status":"open","ping_status":"closed","sticky":false,"template":"","format":"standard","meta":{"tdm_status":"","tdm_grid_status":"","footnotes":""},"categories":[447,379,375,343],"tags":[441],"class_list":{"0":"post-94287","1":"post","2":"type-post","3":"status-publish","4":"format-standard","5":"has-post-thumbnail","7":"category-malhacao","8":"category-novelas","9":"category-rede-globo","10":"category-televisao","11":"tag-resumo-do-dia"},"_links":{"self":[{"href":"https:\/\/migracao.redenoticia.com.br\/noticia\/wp-json\/wp\/v2\/posts\/94287","targetHints":{"allow":["GET"]}}],"collection":[{"href":"https:\/\/migracao.redenoticia.com.br\/noticia\/wp-json\/wp\/v2\/posts"}],"about":[{"href":"https:\/\/migracao.redenoticia.com.br\/noticia\/wp-json\/wp\/v2\/types\/post"}],"author":[{"embeddable":true,"href":"https:\/\/migracao.redenoticia.com.br\/noticia\/wp-json\/wp\/v2\/users\/4"}],"replies":[{"embeddable":true,"href":"https:\/\/migracao.redenoticia.com.br\/noticia\/wp-json\/wp\/v2\/comments?post=94287"}],"version-history":[{"count":0,"href":"https:\/\/migracao.redenoticia.com.br\/noticia\/wp-json\/wp\/v2\/posts\/94287\/revisions"}],"wp:featuredmedia":[{"embeddable":true,"href":"https:\/\/migracao.redenoticia.com.br\/noticia\/wp-json\/wp\/v2\/media\/91715"}],"wp:attachment":[{"href":"https:\/\/migracao.redenoticia.com.br\/noticia\/wp-json\/wp\/v2\/media?parent=94287"}],"wp:term":[{"taxonomy":"category","embeddable":true,"href":"https:\/\/migracao.redenoticia.com.br\/noticia\/wp-json\/wp\/v2\/categories?post=94287"},{"taxonomy":"post_tag","embeddable":true,"href":"https:\/\/migracao.redenoticia.com.br\/noticia\/wp-json\/wp\/v2\/tags?post=94287"}],"curies":[{"name":"wp","href":"https:\/\/api.w.org\/{rel}","templated":true}]}}