{"id":94296,"date":"2016-09-02T14:56:51","date_gmt":"2016-09-02T17:56:51","guid":{"rendered":"http:\/\/www.redenoticia.com.br\/noticia\/?p=94296"},"modified":"2016-09-02T18:24:28","modified_gmt":"2016-09-02T21:24:28","slug":"novela-chamas-da-vida-resumo-0509-brito-conta-para-carolina-que-vivi-esta-gravida","status":"publish","type":"post","link":"https:\/\/migracao.redenoticia.com.br\/noticia\/2016\/novela-chamas-da-vida-resumo-0509-brito-conta-para-carolina-que-vivi-esta-gravida\/94296","title":{"rendered":"Novela \u201cChamas da Vida\u201d resumo 05\/09: Brito conta para Carolina que Vivi est\u00e1 gr\u00e1vida"},"content":{"rendered":"<p><img loading=\"lazy\" decoding=\"async\" class=\"alignleft size-thumbnail wp-image-82020\" src=\"https:\/\/migracao.redenoticia.com.br\/noticia\/imagens\/chamas_da_vida_resumo_novela-150x112.jpeg\" alt=\"chamas_da_vida_resumo_novela\" width=\"150\" height=\"112\" \/><strong><em>Novela \u201cChamas da Vida\u201d resumo 05\/09<\/em><\/strong>: C\u00edntia diz que est\u00e1 com medo dos pais descobrirem que ela est\u00e1 gr\u00e1vida. Demor\u00f4 pergunta se ela n\u00e3o vai contar a Guga. C\u00edntia diz que n\u00e3o quer que ele fique com ela por causa disso. Brito e Margareth chamam Carolina, para ter uma conversa em particular. Eles contam que Vivi est\u00e1 gr\u00e1vida de Demor\u00f4. Carolina fica at\u00f4nita. Carolina fala para Pedro que est\u00e1 preocupada com seu estado depressivo. Pedro promete a Carolina que vai melhorar. Carolina fala que vai visitar Vivi e Rafa a qualquer custo. Vivi chora com saudade de casa. Guga a consola. <\/p>\n<p>No capitulo 214 (*), novela \u201cChamas da Vida\u201d, segunda-feira, 05 de setembro &#8211; Ivonete desabafa com Suelen sua decep\u00e7\u00e3o com Tom\u00e1s. Ra\u00edssa consegue um ator. L\u00e9o pede que Beatriz coloque um colete \u00e0 prova de balas, antes de entrar na mans\u00e3o. Marreta e seu grupo entram em um bueiro, para chegar at\u00e9 a mans\u00e3o. Marreta encontra uma sa\u00edda dentro do dutoPedro chega em casa deprimido e diz que vai dormir um pouco. Carolina fica preocupada. C\u00edntia, Vivi e Rafa encontram Demor\u00f4. Marreta, Manu, Diego, L\u00e9o e Beatriz caminham pelo duto. Vilma liga para Carolina e acusa Pedro e a ela de terem escondido Vivi e Rafa. Carolina diz que n\u00e3o sabe de nada e Vilma amea\u00e7a dar queixa na pol\u00edcia. Carolina desliga o telefone na cara de Vilma, e liga para Vivi. Ela sai para buscar Rafa e Vivi e diz que eles podem acabar prejudicando Pedro, caso continuem enfrentando Vilma. C\u00edntia diz que est\u00e1 com medo dos pais descobrirem que ela est\u00e1 gr\u00e1vida. Demor\u00f4 pergunta se ela n\u00e3o vai contar a Guga. C\u00edntia diz que n\u00e3o quer que ele fique com ela por causa disso. Marreta encontra uma sa\u00edda dentro do duto, mas diz que eles v\u00e3o ter que esperar anoitecer. Dantas chega na pens\u00e3o e conhece Gabriel. O menino diz que estava ansioso para conhecer o pai. Ra\u00edssa fica feliz por seu plano estar dando certo, mas Tuquinha a repreende. Diego e Marreta ficam com r\u00e1dios para se comunicar com eles. Os tr\u00eas avan\u00e7am pelo corredor e v\u00e3o para o escrit\u00f3rio. <\/p>\n<p>Brito e Margareth chamam Carolina, para ter uma conversa em particular. Eles contam que Vivi est\u00e1 gr\u00e1vida de Demor\u00f4. Carolina fica at\u00f4nita. Arlete combina de provocar o encontro de Pedro com Vivi e RafaL\u00e9o, Manu e Beatriz invadem a mans\u00e3o, arrombam o cofre e roubam o dinheiro. Gast\u00e3o e Tadeu aguardam num restaurante, um cliente contratado por Beatriz, que dizia querer comprar uma frota de carros. Diego e Marreta d\u00e3o cobertura para L\u00e9o, Manu e Beatriz sa\u00edrem da mans\u00e3o. Os tr\u00eas s\u00e3o pegos por um dos seguran\u00e7as. O seguran\u00e7a os amea\u00e7a, mas L\u00e9o reage e atira, matando-o. Manu fica paralisada, mas \u00e9 puxada por Beatriz e L\u00e9o e eles conseguem escapar. Carolina fala para Pedro que est\u00e1 preocupada com seu estado depressivo. Pedro promete a Carolina que vai melhorar. Carolina fala que vai visitar Vivi e Rafa a qualquer custo. Beatriz, Manu, Diego, Marreta e L\u00e9o fogem pela tubula\u00e7\u00e3o do esgoto. <\/p>\n<p>Arlete combina com Tom\u00e1s de provocar o encontro de Pedro com Vivi e Rafa. Beatriz, Manu, Diego, L\u00e9o e Marreta se perdem na tubula\u00e7\u00e3o do esgoto. Ivonete fala para Darlene que nunca vai perdoar Tom\u00e1s por t\u00ea-la enganado. Beatriz, Manu, Diego, L\u00e9o e Marreta encontram uma bifurca\u00e7\u00e3o. Marreta, Manu e Diego decidem ir para a esquerda. Beatriz e L\u00e9o seguem pela direita. Arlete diz que acredita na sinceridade de Tom\u00e1s. Ela diz que \u00e9 ele quem vai colocar Vilma na cadeia. Beatriz, Manu, Diego, L\u00e9o e Marreta n\u00e3o encontram nenhuma sa\u00edda e se reencontram. Eles se desesperam. Vivi chora com saudade de casa. Guga a consola. A lanterna de Marreta acaba a pilha e todos ficam no escuro. L\u00e9o acende um sinalizador e Diego mexe na mochila dele, para pegar outro. Diego encontra um roj\u00e3o e usa seu isqueiro para acend\u00ea-lo.  <\/p>\n<p>(*) edi\u00e7\u00e3o da Rede Record, Novela \u201cChamas da Vida\u201d, sujeito a altera\u00e7\u00e3o de data e conte\u00fado.<\/p>\n","protected":false},"excerpt":{"rendered":"<p>Novela \u201cChamas da Vida\u201d resumo 05\/09: C\u00edntia diz que est\u00e1 com medo dos pais descobrirem que ela est\u00e1 gr\u00e1vida. Demor\u00f4 pergunta se ela n\u00e3o vai contar a Guga. C\u00edntia diz que n\u00e3o quer que ele fique com ela por causa disso. Brito e Margareth chamam Carolina, para ter uma conversa em particular. Eles contam que [&hellip;]<\/p>\n","protected":false},"author":2,"featured_media":82020,"comment_status":"open","ping_status":"closed","sticky":false,"template":"","format":"standard","meta":{"tdm_status":"","tdm_grid_status":"","footnotes":""},"categories":[379,371,343],"tags":[441],"class_list":{"0":"post-94296","1":"post","2":"type-post","3":"status-publish","4":"format-standard","5":"has-post-thumbnail","7":"category-novelas","8":"category-rede-record","9":"category-televisao","10":"tag-resumo-do-dia"},"_links":{"self":[{"href":"https:\/\/migracao.redenoticia.com.br\/noticia\/wp-json\/wp\/v2\/posts\/94296","targetHints":{"allow":["GET"]}}],"collection":[{"href":"https:\/\/migracao.redenoticia.com.br\/noticia\/wp-json\/wp\/v2\/posts"}],"about":[{"href":"https:\/\/migracao.redenoticia.com.br\/noticia\/wp-json\/wp\/v2\/types\/post"}],"author":[{"embeddable":true,"href":"https:\/\/migracao.redenoticia.com.br\/noticia\/wp-json\/wp\/v2\/users\/2"}],"replies":[{"embeddable":true,"href":"https:\/\/migracao.redenoticia.com.br\/noticia\/wp-json\/wp\/v2\/comments?post=94296"}],"version-history":[{"count":0,"href":"https:\/\/migracao.redenoticia.com.br\/noticia\/wp-json\/wp\/v2\/posts\/94296\/revisions"}],"wp:featuredmedia":[{"embeddable":true,"href":"https:\/\/migracao.redenoticia.com.br\/noticia\/wp-json\/wp\/v2\/media\/82020"}],"wp:attachment":[{"href":"https:\/\/migracao.redenoticia.com.br\/noticia\/wp-json\/wp\/v2\/media?parent=94296"}],"wp:term":[{"taxonomy":"category","embeddable":true,"href":"https:\/\/migracao.redenoticia.com.br\/noticia\/wp-json\/wp\/v2\/categories?post=94296"},{"taxonomy":"post_tag","embeddable":true,"href":"https:\/\/migracao.redenoticia.com.br\/noticia\/wp-json\/wp\/v2\/tags?post=94296"}],"curies":[{"name":"wp","href":"https:\/\/api.w.org\/{rel}","templated":true}]}}