{"id":94332,"date":"2016-09-02T19:15:42","date_gmt":"2016-09-02T22:15:42","guid":{"rendered":"http:\/\/www.redenoticia.com.br\/noticia\/?p=94332"},"modified":"2016-09-05T20:30:11","modified_gmt":"2016-09-05T23:30:11","slug":"novela-escrava-mae-resumo-0509-miguel-se-casa-com-maria-isabel","status":"publish","type":"post","link":"https:\/\/migracao.redenoticia.com.br\/noticia\/2016\/novela-escrava-mae-resumo-0509-miguel-se-casa-com-maria-isabel\/94332","title":{"rendered":"Novela \u201cEscrava M\u00e3e\u201d resumo 05\/09: Miguel se casa com Maria Isabel"},"content":{"rendered":"<p> <img loading=\"lazy\" decoding=\"async\" class=\"alignleft size-thumbnail wp-image-87037\" src=\"https:\/\/migracao.redenoticia.com.br\/noticia\/imagens\/escrava-mae-novela-resumo-150x112.jpg\" alt=\"escrava-mae-novela-resumo\" width=\"150\" height=\"112\" srcset=\"https:\/\/migracao.redenoticia.com.br\/noticia\/imagens\/escrava-mae-novela-resumo-150x112.jpg 150w, https:\/\/migracao.redenoticia.com.br\/noticia\/imagens\/escrava-mae-novela-resumo-265x198.jpg 265w\" sizes=\"auto, (max-width: 150px) 100vw, 150px\" \/><strong><em>Novela \u201cEscrava M\u00e3e\u201d resumo 05\/09<\/em><\/strong>: Maria Isabel aguarda pela chegada de Miguel, que caminha apressado e encontra Urraca e Sapi\u00e3o. Teresa discute com Almeida por ter feito parte do esquema do cas\u00f3rio com Maria Isabel. Almeida manda Teresa descansar e ela num ataque de f\u00faria destr\u00f3i todos os arranjos do cas\u00f3rio na sala. Miguel chega na entrada da capela e v\u00ea Maria Isabel. Miguel tenta ir embora ao perceber que caiu em uma armadilha, mas \u00e9 impedido e entra na capela seguido por soldados. <\/p>\n<p>No capitulo 069 (*), novela \u201cEscrava M\u00e3e\u201d, segunda-feira, 05 de setembro &#8211; D\u00e1lia e outras florzinhas levam o homem para a c\u00e2mara e na aus\u00eancia de Loreto pedem ao soldado que prenda o agressor ou o mande para bem longe da vila. \u00c1tila conversa com Filipa sobre a sa\u00fade de Quintiliano e aproveita para n\u00e3o desperdi\u00e7ar o que sente um pelo outro e se casarem. Quintiliano mexe um pouco a m\u00e3o, mas ningu\u00e9m percebe. Sapi\u00e3o revela a Urraca que Maria Isabel est\u00e1 gr\u00e1vida de Miguel. Maria Isabel serve duas ta\u00e7as de vinho e entrega uma a Almeida e brindam vit\u00f3ria. Miguel entra revoltado e diz a Maria Isabel que jamais se casar\u00e1 com ela. Miguel pede a tia Joaquina que pe\u00e7a pra Juliana se encontrar com ele no local que ela quiser. <\/p>\n<p>Tito Pardo revela a Miguel que Os\u00f3rio est\u00e1 solto na mata. Juliana tem um pesadelo com Os\u00f3rio. Esm\u00e9ria busca Juliana e diz que Maria Isabel quer falar com ela. Esm\u00e9ria tranca Juliana no quarto. Miguel recebe um bilhete falso de encontro com Juliana na capela. Maria Isabel est\u00e1 vestida de noiva e aguarda perto do altar. Beatrice com ela. Loreto entra com os soldados e o p\u00e1roco. Maria Isabel est\u00e1 na expectativa e aguarda pela chegada de Miguel diante de Beatrice, Loreto, o p\u00e1roco e os soldados. Todos s\u00e9rios, um tanto constrangidos. <\/p>\n<p>Miguel caminha narua apressado e encontra Urraca e Sapi\u00e3o. Dr. Pacheco n\u00e3o tem esperan\u00e7a de rea\u00e7\u00e3o de Quintiliano e Filipa se desespera. Tom\u00e1s pede a Filipa que ajude a descobrir porque Violeta terminou o namoro com ele. Juliana continua trancada, nervosa e grita para algu\u00e9m abrir a porta. Teresa passa por ali e ouve Juliana gritar. Teresa vai buscar a chave e v\u00ea a sala toda enfeitada e suspeita. Teresa solta Juliana que sai correndo atr\u00e1s de Esm\u00e9ria para descobrir o que aconteceu. Filipa vai at\u00e9 a pens\u00e3o para falar com Violeta. Violeta conta tudo o que aconteceu e pede para n\u00e3o contar a Tom\u00e1s. Esm\u00e9ria est\u00e1 arrumada e conversa com tia Joaquina. Juliana chega e Esm\u00e9ria se assusta. Teresa discute com Almeida por ter feito parte do esquema do cas\u00f3rio com Maria Isabel. Almeida manda Teresa descansar e ela num ataque de f\u00faria destr\u00f3i todos os arranjos do cas\u00f3rio na sala. Miguel chega na entrada da capela e v\u00ea Maria Isabel. <\/p>\n<p>(*) edi\u00e7\u00e3o da Rede Record, Novela \u201cEscrava M\u00e3e\u201d, sujeito a altera\u00e7\u00e3o de data e conte\u00fado.<\/p>\n","protected":false},"excerpt":{"rendered":"<p>Novela \u201cEscrava M\u00e3e\u201d resumo 05\/09: Maria Isabel aguarda pela chegada de Miguel, que caminha apressado e encontra Urraca e Sapi\u00e3o. Teresa discute com Almeida por ter feito parte do esquema do cas\u00f3rio com Maria Isabel. Almeida manda Teresa descansar e ela num ataque de f\u00faria destr\u00f3i todos os arranjos do cas\u00f3rio na sala. Miguel chega [&hellip;]<\/p>\n","protected":false},"author":2,"featured_media":87037,"comment_status":"open","ping_status":"closed","sticky":false,"template":"","format":"standard","meta":{"tdm_status":"","tdm_grid_status":"","footnotes":""},"categories":[379,371,343],"tags":[441],"class_list":{"0":"post-94332","1":"post","2":"type-post","3":"status-publish","4":"format-standard","5":"has-post-thumbnail","7":"category-novelas","8":"category-rede-record","9":"category-televisao","10":"tag-resumo-do-dia"},"_links":{"self":[{"href":"https:\/\/migracao.redenoticia.com.br\/noticia\/wp-json\/wp\/v2\/posts\/94332","targetHints":{"allow":["GET"]}}],"collection":[{"href":"https:\/\/migracao.redenoticia.com.br\/noticia\/wp-json\/wp\/v2\/posts"}],"about":[{"href":"https:\/\/migracao.redenoticia.com.br\/noticia\/wp-json\/wp\/v2\/types\/post"}],"author":[{"embeddable":true,"href":"https:\/\/migracao.redenoticia.com.br\/noticia\/wp-json\/wp\/v2\/users\/2"}],"replies":[{"embeddable":true,"href":"https:\/\/migracao.redenoticia.com.br\/noticia\/wp-json\/wp\/v2\/comments?post=94332"}],"version-history":[{"count":0,"href":"https:\/\/migracao.redenoticia.com.br\/noticia\/wp-json\/wp\/v2\/posts\/94332\/revisions"}],"wp:featuredmedia":[{"embeddable":true,"href":"https:\/\/migracao.redenoticia.com.br\/noticia\/wp-json\/wp\/v2\/media\/87037"}],"wp:attachment":[{"href":"https:\/\/migracao.redenoticia.com.br\/noticia\/wp-json\/wp\/v2\/media?parent=94332"}],"wp:term":[{"taxonomy":"category","embeddable":true,"href":"https:\/\/migracao.redenoticia.com.br\/noticia\/wp-json\/wp\/v2\/categories?post=94332"},{"taxonomy":"post_tag","embeddable":true,"href":"https:\/\/migracao.redenoticia.com.br\/noticia\/wp-json\/wp\/v2\/tags?post=94332"}],"curies":[{"name":"wp","href":"https:\/\/api.w.org\/{rel}","templated":true}]}}