{"id":94334,"date":"2016-09-05T20:46:04","date_gmt":"2016-09-05T23:46:04","guid":{"rendered":"http:\/\/www.redenoticia.com.br\/noticia\/?p=94334"},"modified":"2016-09-05T21:57:51","modified_gmt":"2016-09-06T00:57:51","slug":"novela-a-terra-prometida-resumo-0609-leia-diz-que-yana-esta-morta","status":"publish","type":"post","link":"https:\/\/migracao.redenoticia.com.br\/noticia\/2016\/novela-a-terra-prometida-resumo-0609-leia-diz-que-yana-esta-morta\/94334","title":{"rendered":"Novela \u201cA Terra Prometida\u201d resumo 06\/09: L\u00e9ia diz que Yana est\u00e1 morta"},"content":{"rendered":"<p><img loading=\"lazy\" decoding=\"async\" class=\"alignleft size-thumbnail wp-image-89446\" src=\"https:\/\/migracao.redenoticia.com.br\/noticia\/imagens\/a-terra-prometida-novela-record-resumo-150x112.jpg\" alt=\"a-terra-prometida-novela-record-resumo\" width=\"150\" height=\"112\" srcset=\"https:\/\/migracao.redenoticia.com.br\/noticia\/imagens\/a-terra-prometida-novela-record-resumo-150x112.jpg 150w, https:\/\/migracao.redenoticia.com.br\/noticia\/imagens\/a-terra-prometida-novela-record-resumo-265x198.jpg 265w\" sizes=\"auto, (max-width: 150px) 100vw, 150px\" \/><strong><em>Novela \u201cA Terra Prometida\u201d resumo 06\/09<\/em><\/strong>: Quemuel \u00e9 amparado pela mulher misteriosa. Quemuel conversa com a mulher misteriosa e pensa que est\u00e1 morto. L\u00e9ia se emociona ao se deparar com Quemuel deitado sobre uma maca em frente a sua tenda. Quemuel conta sobre o ocorrido no deserto. Quemuel sonha com a mulher misteriosa e acorda assustado. Ele conta para L\u00e9ia que foi salvo por Yana, a verdadeira m\u00e3e de Aruna. L\u00e9ia explode de raiva e diz que Yana est\u00e1 morta. <\/p>\n<p>No capitulo 045(*), novela \u201cA Terra Prometida\u201d, ter\u00e7a-feira, 06 de setembro &#8211; Na masmorra, Uzi tamb\u00e9m diz estar impressionado com a for\u00e7a de Tobias. Samara conversa com In\u00eas e pergunta sobre o passado de seus familiares. Sama procura Darda e revela que pode estar gr\u00e1vida. Sem ser percebido, El\u00f3i flagra Josu\u00e9 beijando Aruna. Grok vai at\u00e9 a masmorra e avisa que chegou a hora do sacrif\u00edcio dos hebreus. Pedael cai na armadilha dos filhos e diz ter condi\u00e7\u00e3o de conquistar Nezi\u00e1. Chaia conversa com Zaqueu e fala sobre a conversa que teve com Tobias. Ac\u00e3 procura Zaqueu e o amea\u00e7a. O vil\u00e3o diz achar bom que o rapaz n\u00e3o tenha comentado nada com Josu\u00e9 sobre a desconfian\u00e7a de sua fidelidade. J\u00e9ssica se mostra arrependida por ter terminado o noivado com Salmon. Tobias e Uzi s\u00e3o levados para o sacrif\u00edcio. <\/p>\n<p>No caminho, Tobias consegue arrebentar a corda e se solta. Ele desarma um soldado e come\u00e7a a lutar com os outros oficiais. Marek e Kalesi ficam impressionados com a agressividade do hebreu. Muitos soldados chegam e Tobias finalmente \u00e9 imobilizado. Uzi ora a Deus. Kalu diz temer a pris\u00e3o de Nob\u00e1. L\u00e9ia aconselha Samara a seguir Aruna. Quemuel \u00e9 amparado pela mulher misteriosa. Nob\u00e1 decide deixar o esconderijo usando um capuz. Na pra\u00e7a central de Jeric\u00f3, Marek e Kalesi d\u00e3o in\u00edcio ao sacrif\u00edcio dos hebreus. Merodaque invoca os deuses pag\u00e3os. Uzi ora a Deus. Marek avisa que poupar\u00e1 a vida de Tobias momentaneamente. <\/p>\n<p>O rei diz que apenas Uzi ser\u00e1 morto no sacrif\u00edcio. Tibar e Sandor percebem a presen\u00e7a de Raabe na multid\u00e3o. El\u00f3i conversa com Josu\u00e9 e diz que viu o l\u00edder beijando Aruna. Samara tenta sondar a irm\u00e3 de cria\u00e7\u00e3o. Fin\u00e9ias conversa com Eleazar sobre o ci\u00fame de Samara. Zaqueu procura Salmon e diz estar desconfiando da lealdade de Ac\u00e3. Melquias chega e eles disfar\u00e7am. Quemuel conversa com a mulher misteriosa e pensa que est\u00e1 morto. Raabe se emociona ao encontrar Nob\u00e1 em meio \u00e0 multid\u00e3o. Tibar aparece e o menino foge sem ser notado. Diante de todos, Uzi \u00e9 executado por Merodaque.<\/p>\n<p>(*) edi\u00e7\u00e3o da Rede Record, Novela \u201cA Terra Prometida\u201d, sujeito a altera\u00e7\u00e3o de data e conte\u00fado. <\/p>\n","protected":false},"excerpt":{"rendered":"<p>Novela \u201cA Terra Prometida\u201d resumo 06\/09: Quemuel \u00e9 amparado pela mulher misteriosa. Quemuel conversa com a mulher misteriosa e pensa que est\u00e1 morto. L\u00e9ia se emociona ao se deparar com Quemuel deitado sobre uma maca em frente a sua tenda. Quemuel conta sobre o ocorrido no deserto. Quemuel sonha com a mulher misteriosa e acorda [&hellip;]<\/p>\n","protected":false},"author":2,"featured_media":89446,"comment_status":"open","ping_status":"closed","sticky":false,"template":"","format":"standard","meta":{"tdm_status":"","tdm_grid_status":"","footnotes":""},"categories":[446,379,371,343],"tags":[441],"class_list":{"0":"post-94334","1":"post","2":"type-post","3":"status-publish","4":"format-standard","5":"has-post-thumbnail","7":"category-a-terra-prometida","8":"category-novelas","9":"category-rede-record","10":"category-televisao","11":"tag-resumo-do-dia"},"_links":{"self":[{"href":"https:\/\/migracao.redenoticia.com.br\/noticia\/wp-json\/wp\/v2\/posts\/94334","targetHints":{"allow":["GET"]}}],"collection":[{"href":"https:\/\/migracao.redenoticia.com.br\/noticia\/wp-json\/wp\/v2\/posts"}],"about":[{"href":"https:\/\/migracao.redenoticia.com.br\/noticia\/wp-json\/wp\/v2\/types\/post"}],"author":[{"embeddable":true,"href":"https:\/\/migracao.redenoticia.com.br\/noticia\/wp-json\/wp\/v2\/users\/2"}],"replies":[{"embeddable":true,"href":"https:\/\/migracao.redenoticia.com.br\/noticia\/wp-json\/wp\/v2\/comments?post=94334"}],"version-history":[{"count":0,"href":"https:\/\/migracao.redenoticia.com.br\/noticia\/wp-json\/wp\/v2\/posts\/94334\/revisions"}],"wp:featuredmedia":[{"embeddable":true,"href":"https:\/\/migracao.redenoticia.com.br\/noticia\/wp-json\/wp\/v2\/media\/89446"}],"wp:attachment":[{"href":"https:\/\/migracao.redenoticia.com.br\/noticia\/wp-json\/wp\/v2\/media?parent=94334"}],"wp:term":[{"taxonomy":"category","embeddable":true,"href":"https:\/\/migracao.redenoticia.com.br\/noticia\/wp-json\/wp\/v2\/categories?post=94334"},{"taxonomy":"post_tag","embeddable":true,"href":"https:\/\/migracao.redenoticia.com.br\/noticia\/wp-json\/wp\/v2\/tags?post=94334"}],"curies":[{"name":"wp","href":"https:\/\/api.w.org\/{rel}","templated":true}]}}