{"id":94343,"date":"2016-09-23T16:42:45","date_gmt":"2016-09-23T19:42:45","guid":{"rendered":"http:\/\/www.redenoticia.com.br\/noticia\/?p=94343"},"modified":"2016-09-23T18:43:06","modified_gmt":"2016-09-23T21:43:06","slug":"sinopse-novela-a-lei-do-amor-conheca-a-historia-de-pedro-e-helo","status":"publish","type":"post","link":"https:\/\/migracao.redenoticia.com.br\/noticia\/2016\/sinopse-novela-a-lei-do-amor-conheca-a-historia-de-pedro-e-helo\/94343","title":{"rendered":"Sinopse novela &#8220;A Lei do Amor&#8221;: conhe\u00e7a a hist\u00f3ria de  Pedro e Hel\u00f4"},"content":{"rendered":"<p><img loading=\"lazy\" decoding=\"async\" class=\"alignleft size-thumbnail wp-image-94887\" src=\"https:\/\/migracao.redenoticia.com.br\/noticia\/imagens\/a_lei_do_amor_resumo_novela_globo-150x112.jpg\" alt=\"a_lei_do_amor_resumo_novela_globo\" width=\"150\" height=\"112\" srcset=\"https:\/\/migracao.redenoticia.com.br\/noticia\/imagens\/a_lei_do_amor_resumo_novela_globo-150x112.jpg 150w, https:\/\/migracao.redenoticia.com.br\/noticia\/imagens\/a_lei_do_amor_resumo_novela_globo-265x198.jpg 265w\" sizes=\"auto, (max-width: 150px) 100vw, 150px\" \/>Sinopse &#8220;<strong><em>novela A Lei do Amor<\/em><\/strong>&#8220;: uma hist\u00f3ria de encontros, separa\u00e7\u00f5es, poder, luta pelo justo e, sobretudo, uma hist\u00f3ria de amor e toda for\u00e7a que esse sentimento move. &#8220;A Lei do Amor&#8221;, pr\u00f3xima novela das 9, escrita por Maria Adelaide Amaral e Vincent Villari, com dire\u00e7\u00e3o art\u00edstica de Denise Saraceni, come\u00e7a com um romance arrebatador. Hel\u00f4 (Isabelle Drummond) \u00e9 da fam\u00edlia mais miser\u00e1vel de S\u00e3o Dimas. Vivendo \u00e0 beira da represa com sua m\u00e3e C\u00e2ndida (Denise Fraga), uma doente terminal, e seu pai Jorge (Daniel Ribeiro), desempregado e alco\u00f3latra, a jovem n\u00e3o se abate com as situa\u00e7\u00f5es da vida e luta para prover a fam\u00edlia. Pedro (Chay Suede), filho do rico e ambicioso empres\u00e1rio do ramo da tecelagem Fausto Leit\u00e3o (Tarc\u00edsio Meira) \u00e9 apaixonado pela natureza, por velejar e \u00e9 guiado por seu senso de justi\u00e7a.<\/p>\n<p>Not\u00edcia relacionada\u00a0<\/p>\n<p>Apesar de serem opostos, Pedro e Hel\u00f4 se encontram e a paix\u00e3o \u00e9 inevit\u00e1vel, mas tamb\u00e9m uma amea\u00e7a. Quem fareja o perigo dessa aproxima\u00e7\u00e3o \u00e9 Magn\u00f3lia (Vera Holtz), mulher de Fausto e uma madrasta que o jovem velejador nunca engoliu.<\/p>\n<p>Casal em busca do poder<\/p>\n<p>Fausto e M\u00e1g, como \u00e9 carinhosamente conhecida na cidade, s\u00e3o um casal poderoso gra\u00e7as \u00e0s ind\u00fastrias da fam\u00edlia, mas est\u00e3o prestes a alcan\u00e7ar voos mais altos. Com total apoio e articula\u00e7\u00f5es da esposa, Fausto come\u00e7a a trama pronto para lan\u00e7ar sua carreira pol\u00edtica.<\/p>\n<p>Enquanto na casa de Hel\u00f4 o patriarca Jorge, desesperado com a situa\u00e7\u00e3o que vive, assalta a tecelagem dos Leit\u00e3o, \u00e9 preso e acaba morto em uma rebeli\u00e3o do pres\u00eddio. A filha enxerga em Fausto a culpa de tanta desgra\u00e7a, o que liga o alerta vermelho em M\u00e1g: aquela menina vai se vingar de sua fam\u00edlia.<\/p>\n<p>Certa de que a unidade e prosperidade familiar est\u00e1 acima de todas as coisas, M\u00e1g mostra todo seu vi\u00e9s autorit\u00e1rio e manipulador para armar e separar Hel\u00f4 e Pedro.<\/p>\n<p>O reencontro<br \/>\nVinte anos ir\u00e3o se passar at\u00e9 chegarmos aos tempos atuais. Fausto ter\u00e1 conquistado seu cargo na prefeitura, S\u00e3o Dimas ser\u00e1 transformada gra\u00e7as aos desmandos que a fam\u00edlia Leit\u00e3o fez quando esteve no poder, ao mesmo tempo que M\u00e1g \u00e9 vista como uma santa na cidade.<\/p>\n<p>Pedro (Reynaldo Gianecchini) volta \u00e0 cidade a pedido do seu pai, que parece estar arrependido do caminho que trilhou. Esse retorno provoca outro reencontro com Hel\u00f4 (Claudia Abreu) e ser\u00e1 a oportunidade de esclarecer o passado e, quem sabe, come\u00e7ar tudo outra vez.<\/p>\n<p>Fonte: Rede Globo &#8220;A Lei do Amor&#8221;<\/p>\n","protected":false},"excerpt":{"rendered":"<p>Sinopse &#8220;novela A Lei do Amor&#8220;: uma hist\u00f3ria de encontros, separa\u00e7\u00f5es, poder, luta pelo justo e, sobretudo, uma hist\u00f3ria de amor e toda for\u00e7a que esse sentimento move. &#8220;A Lei do Amor&#8221;, pr\u00f3xima novela das 9, escrita por Maria Adelaide Amaral e Vincent Villari, com dire\u00e7\u00e3o art\u00edstica de Denise Saraceni, come\u00e7a com um romance arrebatador. [&hellip;]<\/p>\n","protected":false},"author":2,"featured_media":94887,"comment_status":"open","ping_status":"closed","sticky":false,"template":"","format":"standard","meta":{"tdm_status":"","tdm_grid_status":"","footnotes":""},"categories":[379,375,343],"tags":[440],"class_list":{"0":"post-94343","1":"post","2":"type-post","3":"status-publish","4":"format-standard","5":"has-post-thumbnail","7":"category-novelas","8":"category-rede-globo","9":"category-televisao","10":"tag-noticia-novela"},"_links":{"self":[{"href":"https:\/\/migracao.redenoticia.com.br\/noticia\/wp-json\/wp\/v2\/posts\/94343","targetHints":{"allow":["GET"]}}],"collection":[{"href":"https:\/\/migracao.redenoticia.com.br\/noticia\/wp-json\/wp\/v2\/posts"}],"about":[{"href":"https:\/\/migracao.redenoticia.com.br\/noticia\/wp-json\/wp\/v2\/types\/post"}],"author":[{"embeddable":true,"href":"https:\/\/migracao.redenoticia.com.br\/noticia\/wp-json\/wp\/v2\/users\/2"}],"replies":[{"embeddable":true,"href":"https:\/\/migracao.redenoticia.com.br\/noticia\/wp-json\/wp\/v2\/comments?post=94343"}],"version-history":[{"count":0,"href":"https:\/\/migracao.redenoticia.com.br\/noticia\/wp-json\/wp\/v2\/posts\/94343\/revisions"}],"wp:featuredmedia":[{"embeddable":true,"href":"https:\/\/migracao.redenoticia.com.br\/noticia\/wp-json\/wp\/v2\/media\/94887"}],"wp:attachment":[{"href":"https:\/\/migracao.redenoticia.com.br\/noticia\/wp-json\/wp\/v2\/media?parent=94343"}],"wp:term":[{"taxonomy":"category","embeddable":true,"href":"https:\/\/migracao.redenoticia.com.br\/noticia\/wp-json\/wp\/v2\/categories?post=94343"},{"taxonomy":"post_tag","embeddable":true,"href":"https:\/\/migracao.redenoticia.com.br\/noticia\/wp-json\/wp\/v2\/tags?post=94343"}],"curies":[{"name":"wp","href":"https:\/\/api.w.org\/{rel}","templated":true}]}}