{"id":94346,"date":"2016-09-23T15:51:10","date_gmt":"2016-09-23T18:51:10","guid":{"rendered":"http:\/\/www.redenoticia.com.br\/noticia\/?p=94346"},"modified":"2016-09-23T18:44:50","modified_gmt":"2016-09-23T21:44:50","slug":"novela-a-lei-do-amor-protagonistas-elenco-e-personagens","status":"publish","type":"post","link":"https:\/\/migracao.redenoticia.com.br\/noticia\/2016\/novela-a-lei-do-amor-protagonistas-elenco-e-personagens\/94346","title":{"rendered":"Novela &#8220;A Lei do Amor&#8221;: protagonistas, elenco e personagens"},"content":{"rendered":"<p><img loading=\"lazy\" decoding=\"async\" class=\"alignleft size-thumbnail wp-image-94887\" src=\"https:\/\/migracao.redenoticia.com.br\/noticia\/imagens\/a_lei_do_amor_resumo_novela_globo-150x112.jpg\" alt=\"a_lei_do_amor_resumo_novela_globo\" width=\"150\" height=\"112\" srcset=\"https:\/\/migracao.redenoticia.com.br\/noticia\/imagens\/a_lei_do_amor_resumo_novela_globo-150x112.jpg 150w, https:\/\/migracao.redenoticia.com.br\/noticia\/imagens\/a_lei_do_amor_resumo_novela_globo-265x198.jpg 265w\" sizes=\"auto, (max-width: 150px) 100vw, 150px\" \/><strong><em>Novela &#8220;A Lei do Amor&#8221;<\/em><\/strong>: a pr\u00f3xima novela das 9 conta a hist\u00f3ria de um romance arrebatador. Com um elenco de peso, a trama ter\u00e1 encontros, separa\u00e7\u00f5es, poder, luta pelo justo e, sobretudo, amor e toda for\u00e7a que esse sentimento move. A novela \u00e9 escrita por Maria Adelaide Amaral e Vincent Villari, com dire\u00e7\u00e3o art\u00edstica de Denise Saraceni.<\/p>\n<p>Not\u00edcia relacionada &#8211; <\/p>\n<p>Veja alguns atores j\u00e1 na pele de seus personagem em &#8220;A Lei do Amor&#8221;:<\/p>\n<p>Chay Suede interpreta Pedro na juventude e, Reynaldo Gianecchini, na fase adulta;<br \/>\nIsabelle Drummond ser\u00e1 Hel\u00f4 na primeira fase e Claudia Abreu atua na segunda;<br \/>\nVera Holtz surge como M\u00e1g;<br \/>\nTarc\u00edsio Meira \u00e9 Fausto;<br \/>\nIsabella Santoni \u00e9 Let\u00edcia, filha de Hel\u00f4;<br \/>\nGrazi Massafera surge deslumbrante como Luciane.<\/p>\n<p>Veja quem mais est\u00e1 no elenco:<\/p>\n<p>Sophia Abrah\u00e3o \u00e9 Vit\u00f3ria jovem e Camila Morgado vive a fase adulta;<br \/>\nGabriela Duarte interpreta Suzana na primeira fase e Regina Duarte atua na segunda;<br \/>\nThiago Martins vive Ti\u00e3o na juventude e Jos\u00e9 Mayer na vers\u00e3o adulta;<br \/>\nHugo Bonemer e Ricardo Tozzi interpretam Augusto;<br \/>\nMaur\u00edcio Destri \u00e9 Ciro jovem e Thiago Lacerda interpreta a fase adulta;<br \/>\nClaudia Raia interpreta Salete;<br \/>\nAlice Wegmann interpreta a estudante Isabela;<br \/>\nBruna Ham\u00fa \u00e9 Camila;<br \/>\nHumberto Carr\u00e3o \u00e9 Tiago;<br \/>\nJo\u00e3o Vitor Silva vive H\u00e9rcules na primeira fase;<br \/>\nEmanuelle Ara\u00fajo interpreta Yara na segunda fase;<br \/>\nDenise Fraga interpreta C\u00e2ndida, m\u00e3e de Hel\u00f4;<br \/>\nDaniel Ribeiro vive Jorge, pai de Hel\u00f4;<br \/>\nBianca Salgueiro \u00e9 Carmen;<br \/>\nOt\u00e1vio Augusto vive Venturini;<br \/>\nBianca Muller \u00e9 Ana Luiza, uma das filhas de H\u00e9rcules;<br \/>\nAna Rosa interpreta Zuza;<br \/>\nMatheus Fagundes \u00e9 Edu, filho de Hel\u00f4 e Ti\u00e3o;<br \/>\nMaria Flor \u00e9 a DJ Fl\u00e1via;<br \/>\nRegiane Alves interpreta Beth, esposa de Augusto;<br \/>\nDanilo Ferreira \u00e9 Zelito;<br \/>\nHelo\u00edsa Periss\u00e9 \u00e9 a esot\u00e9rica Mileide;<br \/>\nArmando Babaioff interpreta Bruno, filho de cria\u00e7\u00e3o de Zuza;<br \/>\nTuca Andrada interpreta Misael;<br \/>\nGabriel Chadan interpreta Robinson, um dos funcion\u00e1rios do posto de Salete;<br \/>\nTato Gabus Mendes interpreta o advogado Olavo;<br \/>\nErico Br\u00e1s interpreta Jader, par de Helo\u00edsa Periss\u00e9;<br \/>\nMarcella Rica interpreta J\u00e9ssica, filha da personagem de Claudia Raia.<\/p>\n<p>O elenco tamb\u00e9m conta com Danilo Grangh\u00e9ia, Bruno Moleiro, Acau\u00e3 Sol, Jo\u00e3o Campos, Th\u00e9o Fernandes, Arthur Barros, Mila Moreira, Renato G\u00f3es, Gil Coelho, Gustavo Merighi, Pierre Baitelli, Carolina Lopez, Titina Medeiros, Raphael Ghanem, Jorge Lucas, Paulo Lessa, Arlindo Lopes, Bella Piero, Rafael Lozano, Arianne Botelho, Marjorie Bernardes, Andr\u00e9 Luiz Franbach, Rafael Primot, Maur\u00edcio Machado, C\u00e9sar Mello de Ara\u00fajo, Priscila Camargo, Bia Montez, Carmen Frenzel, Amanda Mirasci, Marcelo V\u00e1rzea, Breno de Filippo, Jos\u00e9 Karini, Marco Marcondes, Hugo Resende e Gla\u00facio Gomes.<\/p>\n<p>A &#8220;Lei do Amor&#8221; \u00e9 escrita por Maria Adelaide Amaral e Vicent Villari, com dire\u00e7\u00e3o art\u00edstica de Denise Saraceni e previs\u00e3o de estreia para outubro.<\/p>\n<p>Fonte: Rede Globo &#8220;A Lei do Amor&#8221;<\/p>\n","protected":false},"excerpt":{"rendered":"<p>Novela &#8220;A Lei do Amor&#8221;: a pr\u00f3xima novela das 9 conta a hist\u00f3ria de um romance arrebatador. Com um elenco de peso, a trama ter\u00e1 encontros, separa\u00e7\u00f5es, poder, luta pelo justo e, sobretudo, amor e toda for\u00e7a que esse sentimento move. A novela \u00e9 escrita por Maria Adelaide Amaral e Vincent Villari, com dire\u00e7\u00e3o art\u00edstica [&hellip;]<\/p>\n","protected":false},"author":2,"featured_media":94887,"comment_status":"open","ping_status":"closed","sticky":false,"template":"","format":"standard","meta":{"tdm_status":"","tdm_grid_status":"","footnotes":""},"categories":[379,375,343],"tags":[440],"class_list":{"0":"post-94346","1":"post","2":"type-post","3":"status-publish","4":"format-standard","5":"has-post-thumbnail","7":"category-novelas","8":"category-rede-globo","9":"category-televisao","10":"tag-noticia-novela"},"_links":{"self":[{"href":"https:\/\/migracao.redenoticia.com.br\/noticia\/wp-json\/wp\/v2\/posts\/94346","targetHints":{"allow":["GET"]}}],"collection":[{"href":"https:\/\/migracao.redenoticia.com.br\/noticia\/wp-json\/wp\/v2\/posts"}],"about":[{"href":"https:\/\/migracao.redenoticia.com.br\/noticia\/wp-json\/wp\/v2\/types\/post"}],"author":[{"embeddable":true,"href":"https:\/\/migracao.redenoticia.com.br\/noticia\/wp-json\/wp\/v2\/users\/2"}],"replies":[{"embeddable":true,"href":"https:\/\/migracao.redenoticia.com.br\/noticia\/wp-json\/wp\/v2\/comments?post=94346"}],"version-history":[{"count":0,"href":"https:\/\/migracao.redenoticia.com.br\/noticia\/wp-json\/wp\/v2\/posts\/94346\/revisions"}],"wp:featuredmedia":[{"embeddable":true,"href":"https:\/\/migracao.redenoticia.com.br\/noticia\/wp-json\/wp\/v2\/media\/94887"}],"wp:attachment":[{"href":"https:\/\/migracao.redenoticia.com.br\/noticia\/wp-json\/wp\/v2\/media?parent=94346"}],"wp:term":[{"taxonomy":"category","embeddable":true,"href":"https:\/\/migracao.redenoticia.com.br\/noticia\/wp-json\/wp\/v2\/categories?post=94346"},{"taxonomy":"post_tag","embeddable":true,"href":"https:\/\/migracao.redenoticia.com.br\/noticia\/wp-json\/wp\/v2\/tags?post=94346"}],"curies":[{"name":"wp","href":"https:\/\/api.w.org\/{rel}","templated":true}]}}