{"id":94376,"date":"2016-09-02T21:00:43","date_gmt":"2016-09-03T00:00:43","guid":{"rendered":"http:\/\/www.redenoticia.com.br\/noticia\/?p=94376"},"modified":"2016-09-02T18:35:43","modified_gmt":"2016-09-02T21:35:43","slug":"novela-velho-chico-resumo-0309-beatriz-junta-os-moradores-de-grotas-na-igreja","status":"publish","type":"post","link":"https:\/\/migracao.redenoticia.com.br\/noticia\/2016\/novela-velho-chico-resumo-0309-beatriz-junta-os-moradores-de-grotas-na-igreja\/94376","title":{"rendered":"Novela \u201cVelho Chico\u201d resumo 03\/09: Beatriz discursa para moradores de Grotas"},"content":{"rendered":"<p><img loading=\"lazy\" decoding=\"async\" class=\"alignleft size-thumbnail wp-image-82169\" src=\"https:\/\/migracao.redenoticia.com.br\/noticia\/imagens\/velho_chico_novela_resumo_globo-150x112.jpg\" alt=\"velho_chico_novela_resumo_globo\" width=\"150\" height=\"112\" srcset=\"https:\/\/migracao.redenoticia.com.br\/noticia\/imagens\/velho_chico_novela_resumo_globo-150x112.jpg 150w, https:\/\/migracao.redenoticia.com.br\/noticia\/imagens\/velho_chico_novela_resumo_globo-265x198.jpg 265w\" sizes=\"auto, (max-width: 150px) 100vw, 150px\" \/><strong><em>Novela \u201cVelho Chico\u201d resumo 03\/09<\/em><\/strong>:\u00a0Bento v\u00ea o ex-deputado Carlos Eduardo tomar o lugar de Afr\u00e2nio e questiona seu discurso na frente do povo de Grotas. O bate boca aumenta e, nesse momento, os homens do prefeito Raimundo chegam para det\u00ea-lo. Beatriz e Martim se esfor\u00e7am para impedir que o vereador seja preso, mas Queiroz insiste em acus\u00e1-lo de perturba\u00e7\u00e3o e o leva para a delegacia. Ap\u00f3s a pris\u00e3o de Bento, Beatriz junta os moradores de Grotas na igreja e detona Carlos Eduardo com um discurso inflamado. Padre Ben\u00edcio e o vereador ficam empolgados com o desempenho da professora e tentam convenc\u00ea-la a entrar para a pol\u00edtica.<\/p>\n<p>No cap\u00edtulo 150(*), novela \u201cVelho Chico\u201d, s\u00e1bado, 03 de setembro \u2013 Carlos manda prender Bento. Luzia pede para Santo n\u00e3o se afastar das filhas. Padre Ben\u00edcio leva o povo para a igreja e Beatriz discursa contra Carlos.<\/p>\n<p>Ol\u00edvia tenta consolar Luzia. Carlos tenta intimidar Bento. Santo flagra Carlos amea\u00e7ando Tereza e se enfurece. Bento e Padre Ben\u00edcio tentam convencer Beatriz a entrar para a pol\u00edtica.<\/p>\n<p>Encarna\u00e7\u00e3o pede para Martim reatar com Afr\u00e2nio. Carlos afirma a Luzia que n\u00e3o permitir\u00e1 que Tereza e Santo fiquem juntos.<\/p>\n<p>(*) edi\u00e7\u00e3o da Rede Globo, Novela \u201cVelho Chico\u201d, sujeito a altera\u00e7\u00e3o de data e conte\u00fado.<\/p>\n","protected":false},"excerpt":{"rendered":"<p>Novela \u201cVelho Chico\u201d resumo 03\/09:\u00a0Bento v\u00ea o ex-deputado Carlos Eduardo tomar o lugar de Afr\u00e2nio e questiona seu discurso na frente do povo de Grotas. O bate boca aumenta e, nesse momento, os homens do prefeito Raimundo chegam para det\u00ea-lo. Beatriz e Martim se esfor\u00e7am para impedir que o vereador seja preso, mas Queiroz insiste [&hellip;]<\/p>\n","protected":false},"author":4,"featured_media":82169,"comment_status":"open","ping_status":"closed","sticky":false,"template":"","format":"standard","meta":{"tdm_status":"","tdm_grid_status":"","footnotes":""},"categories":[379,375,343],"tags":[441],"class_list":{"0":"post-94376","1":"post","2":"type-post","3":"status-publish","4":"format-standard","5":"has-post-thumbnail","7":"category-novelas","8":"category-rede-globo","9":"category-televisao","10":"tag-resumo-do-dia"},"_links":{"self":[{"href":"https:\/\/migracao.redenoticia.com.br\/noticia\/wp-json\/wp\/v2\/posts\/94376","targetHints":{"allow":["GET"]}}],"collection":[{"href":"https:\/\/migracao.redenoticia.com.br\/noticia\/wp-json\/wp\/v2\/posts"}],"about":[{"href":"https:\/\/migracao.redenoticia.com.br\/noticia\/wp-json\/wp\/v2\/types\/post"}],"author":[{"embeddable":true,"href":"https:\/\/migracao.redenoticia.com.br\/noticia\/wp-json\/wp\/v2\/users\/4"}],"replies":[{"embeddable":true,"href":"https:\/\/migracao.redenoticia.com.br\/noticia\/wp-json\/wp\/v2\/comments?post=94376"}],"version-history":[{"count":0,"href":"https:\/\/migracao.redenoticia.com.br\/noticia\/wp-json\/wp\/v2\/posts\/94376\/revisions"}],"wp:featuredmedia":[{"embeddable":true,"href":"https:\/\/migracao.redenoticia.com.br\/noticia\/wp-json\/wp\/v2\/media\/82169"}],"wp:attachment":[{"href":"https:\/\/migracao.redenoticia.com.br\/noticia\/wp-json\/wp\/v2\/media?parent=94376"}],"wp:term":[{"taxonomy":"category","embeddable":true,"href":"https:\/\/migracao.redenoticia.com.br\/noticia\/wp-json\/wp\/v2\/categories?post=94376"},{"taxonomy":"post_tag","embeddable":true,"href":"https:\/\/migracao.redenoticia.com.br\/noticia\/wp-json\/wp\/v2\/tags?post=94376"}],"curies":[{"name":"wp","href":"https:\/\/api.w.org\/{rel}","templated":true}]}}