{"id":94380,"date":"2016-09-02T18:10:44","date_gmt":"2016-09-02T21:10:44","guid":{"rendered":"http:\/\/www.redenoticia.com.br\/noticia\/?p=94380"},"modified":"2016-09-02T18:15:53","modified_gmt":"2016-09-02T21:15:53","slug":"novela-sol-nascente-resumo-0309-mario-liga-para-alice","status":"publish","type":"post","link":"https:\/\/migracao.redenoticia.com.br\/noticia\/2016\/novela-sol-nascente-resumo-0309-mario-liga-para-alice\/94380","title":{"rendered":"Novela \u201cSol Nascente\u201d resumo 03\/09: Alice escreve uma mensagem para Mario"},"content":{"rendered":"<p><img loading=\"lazy\" decoding=\"async\" class=\"alignleft size-thumbnail wp-image-91714\" src=\"https:\/\/migracao.redenoticia.com.br\/noticia\/imagens\/sol_nascente_resumo_novela_globo-150x112.jpg\" alt=\"sol_nascente_resumo_novela_globo\" width=\"150\" height=\"112\" srcset=\"https:\/\/migracao.redenoticia.com.br\/noticia\/imagens\/sol_nascente_resumo_novela_globo-150x112.jpg 150w, https:\/\/migracao.redenoticia.com.br\/noticia\/imagens\/sol_nascente_resumo_novela_globo-265x198.jpg 265w\" sizes=\"auto, (max-width: 150px) 100vw, 150px\" \/><strong><em>Novela \u201cSol Nascente\u201d resumo 03\/09<\/em><\/strong>:\u00a0Mario desabafa com Ralf sobre o que sente por Alice. Ele e se surpreende com a revela\u00e7\u00e3o de que Alice teve um caso com seu amigo Ralf, fica arrasado e n\u00e3o comparece \u00e0 despedida da amiga, que est\u00e1 de viagem marcada para o Jap\u00e3o. Alice sofre com a aus\u00eancia de Mario. Geppina tenta convencer o neto ir \u00e0 festa, Mario segue o conselho dela e flagra Alice pr\u00f3xima de Ralf. Antes da viagem, Alice escreve uma mensagem para Mario. Yumi critica Mario por n\u00e3o ter comparecido \u00e0 festa de despedida de Alice. Alice chega em T\u00f3kio e Mario liga para ela.<\/p>\n<p>No cap\u00edtulo 006(*), novela \u201cSol Nascente\u201d, s\u00e1bado, 03 de setembro \u2013 Mario decide ir \u00e0 festa, mas vai embora ao ver Alice conversando com Ralf. Alice escreve uma mensagem para Mario.<\/p>\n<p>Tanaka v\u00ea Hir\u00f4 ser desrespeitosa com Mieko e fica indignado. Chica se oferece para conversar com Mario. Yumi critica Mario por n\u00e3o ter comparecido \u00e0 festa de despedida de Alice.<\/p>\n<p>Lenita e Felipe ficam juntos, enquanto Ralf faz uma tatuagem. Alice chega em T\u00f3kio. Ralf descobre que Felipe \u00e9 namorado de Lenita. Mario liga para ela.<\/p>\n<p>(*) edi\u00e7\u00e3o da Rede Globo, Novela \u201cSol Nascente\u201d, sujeito a altera\u00e7\u00e3o de data e conte\u00fado.<\/p>\n","protected":false},"excerpt":{"rendered":"<p>Novela \u201cSol Nascente\u201d resumo 03\/09:\u00a0Mario desabafa com Ralf sobre o que sente por Alice. Ele e se surpreende com a revela\u00e7\u00e3o de que Alice teve um caso com seu amigo Ralf, fica arrasado e n\u00e3o comparece \u00e0 despedida da amiga, que est\u00e1 de viagem marcada para o Jap\u00e3o. Alice sofre com a aus\u00eancia de Mario. [&hellip;]<\/p>\n","protected":false},"author":4,"featured_media":91714,"comment_status":"open","ping_status":"closed","sticky":false,"template":"","format":"standard","meta":{"tdm_status":"","tdm_grid_status":"","footnotes":""},"categories":[379,375,343],"tags":[441],"class_list":{"0":"post-94380","1":"post","2":"type-post","3":"status-publish","4":"format-standard","5":"has-post-thumbnail","7":"category-novelas","8":"category-rede-globo","9":"category-televisao","10":"tag-resumo-do-dia"},"_links":{"self":[{"href":"https:\/\/migracao.redenoticia.com.br\/noticia\/wp-json\/wp\/v2\/posts\/94380","targetHints":{"allow":["GET"]}}],"collection":[{"href":"https:\/\/migracao.redenoticia.com.br\/noticia\/wp-json\/wp\/v2\/posts"}],"about":[{"href":"https:\/\/migracao.redenoticia.com.br\/noticia\/wp-json\/wp\/v2\/types\/post"}],"author":[{"embeddable":true,"href":"https:\/\/migracao.redenoticia.com.br\/noticia\/wp-json\/wp\/v2\/users\/4"}],"replies":[{"embeddable":true,"href":"https:\/\/migracao.redenoticia.com.br\/noticia\/wp-json\/wp\/v2\/comments?post=94380"}],"version-history":[{"count":0,"href":"https:\/\/migracao.redenoticia.com.br\/noticia\/wp-json\/wp\/v2\/posts\/94380\/revisions"}],"wp:featuredmedia":[{"embeddable":true,"href":"https:\/\/migracao.redenoticia.com.br\/noticia\/wp-json\/wp\/v2\/media\/91714"}],"wp:attachment":[{"href":"https:\/\/migracao.redenoticia.com.br\/noticia\/wp-json\/wp\/v2\/media?parent=94380"}],"wp:term":[{"taxonomy":"category","embeddable":true,"href":"https:\/\/migracao.redenoticia.com.br\/noticia\/wp-json\/wp\/v2\/categories?post=94380"},{"taxonomy":"post_tag","embeddable":true,"href":"https:\/\/migracao.redenoticia.com.br\/noticia\/wp-json\/wp\/v2\/tags?post=94380"}],"curies":[{"name":"wp","href":"https:\/\/api.w.org\/{rel}","templated":true}]}}