{"id":94382,"date":"2016-09-02T20:35:32","date_gmt":"2016-09-02T23:35:32","guid":{"rendered":"http:\/\/www.redenoticia.com.br\/noticia\/?p=94382"},"modified":"2016-09-02T18:28:09","modified_gmt":"2016-09-02T21:28:09","slug":"novela-carrossel-resumo-0509-diretora-pede-desculpa-a-helena","status":"publish","type":"post","link":"https:\/\/migracao.redenoticia.com.br\/noticia\/2016\/novela-carrossel-resumo-0509-diretora-pede-desculpa-a-helena\/94382","title":{"rendered":"Novela \u201cCarrossel\u201d resumo 05\/09:  diretora assume que foi injusta com Helena"},"content":{"rendered":"<p><img loading=\"lazy\" decoding=\"async\" class=\"alignleft size-thumbnail wp-image-82147\" src=\"https:\/\/migracao.redenoticia.com.br\/noticia\/imagens\/Carrossel_resumo_novela_sbt-150x112.jpg\" alt=\"Carrossel_resumo_novela_sbt\" width=\"150\" height=\"112\" srcset=\"https:\/\/migracao.redenoticia.com.br\/noticia\/imagens\/Carrossel_resumo_novela_sbt-150x112.jpg 150w, https:\/\/migracao.redenoticia.com.br\/noticia\/imagens\/Carrossel_resumo_novela_sbt-265x198.jpg 265w\" sizes=\"auto, (max-width: 150px) 100vw, 150px\" \/><strong><em>Novela \u201cCarrossel\u201d resumo 05\/09<\/em><\/strong>:\u00a0Helena se prepara para ir ao encontro de Ren\u00ea, mas antes passa na escola para a reuni\u00e3o com Ol\u00edvia. A diretora diz a Helena que, desde o piquenique, sua m\u00e3e est\u00e1 mais animada. A professora elogia os cuidados da diretora com dona Am\u00e9lia. Ao sair, a diretora pede desculpa \u00e0 professora por tudo o que ela fez, pois sabe o quanto foi injusta com Helena no decorrer do ano. As duas se emocionam e se abra\u00e7am.<\/p>\n<p>No cap\u00edtulo 386(*), novela \u201cCarrossel\u201d, segunda-feira, 05 de setembro \u2013 Helena se prepara para ir ao encontro de Ren\u00ea, mas antes passar\u00e1 na escola para a reuni\u00e3o com Ol\u00edvia. A m\u00e3e de Helena acredita que o genro pedir\u00e1 a m\u00e3o de Helena em casamento.<\/p>\n<p>Cirilo, Davi, Ren\u00ea e Firmino chegam \u00e0 esta\u00e7\u00e3o de trem. O professor fica apreensivo, mas o porteiro tenta acalm\u00e1-lo. Ol\u00edvia diz a Helena que desde o piquenique sua m\u00e3e est\u00e1 mais animada. A professora elogia os cuidados da diretora com dona Am\u00e9lia. Ol\u00edvia pede a Helena que fa\u00e7a um levantamento.<\/p>\n<p>Ao sair, a diretora pede desculpa \u00e0 professora por tudo o que ela fez, pois sabe o quanto foi injusta com Helena no decorrer do ano. As duas se emocionam e se abra\u00e7am.<\/p>\n<p>(*) edi\u00e7\u00e3o do SBT, Novela \u201cCarrossel\u201d, sujeito a altera\u00e7\u00e3o de data e conte\u00fado.<\/p>\n","protected":false},"excerpt":{"rendered":"<p>Novela \u201cCarrossel\u201d resumo 05\/09:\u00a0Helena se prepara para ir ao encontro de Ren\u00ea, mas antes passa na escola para a reuni\u00e3o com Ol\u00edvia. A diretora diz a Helena que, desde o piquenique, sua m\u00e3e est\u00e1 mais animada. A professora elogia os cuidados da diretora com dona Am\u00e9lia. Ao sair, a diretora pede desculpa \u00e0 professora por [&hellip;]<\/p>\n","protected":false},"author":4,"featured_media":82147,"comment_status":"open","ping_status":"closed","sticky":false,"template":"","format":"standard","meta":{"tdm_status":"","tdm_grid_status":"","footnotes":""},"categories":[379,372,343],"tags":[441],"class_list":{"0":"post-94382","1":"post","2":"type-post","3":"status-publish","4":"format-standard","5":"has-post-thumbnail","7":"category-novelas","8":"category-sbt","9":"category-televisao","10":"tag-resumo-do-dia"},"_links":{"self":[{"href":"https:\/\/migracao.redenoticia.com.br\/noticia\/wp-json\/wp\/v2\/posts\/94382","targetHints":{"allow":["GET"]}}],"collection":[{"href":"https:\/\/migracao.redenoticia.com.br\/noticia\/wp-json\/wp\/v2\/posts"}],"about":[{"href":"https:\/\/migracao.redenoticia.com.br\/noticia\/wp-json\/wp\/v2\/types\/post"}],"author":[{"embeddable":true,"href":"https:\/\/migracao.redenoticia.com.br\/noticia\/wp-json\/wp\/v2\/users\/4"}],"replies":[{"embeddable":true,"href":"https:\/\/migracao.redenoticia.com.br\/noticia\/wp-json\/wp\/v2\/comments?post=94382"}],"version-history":[{"count":0,"href":"https:\/\/migracao.redenoticia.com.br\/noticia\/wp-json\/wp\/v2\/posts\/94382\/revisions"}],"wp:featuredmedia":[{"embeddable":true,"href":"https:\/\/migracao.redenoticia.com.br\/noticia\/wp-json\/wp\/v2\/media\/82147"}],"wp:attachment":[{"href":"https:\/\/migracao.redenoticia.com.br\/noticia\/wp-json\/wp\/v2\/media?parent=94382"}],"wp:term":[{"taxonomy":"category","embeddable":true,"href":"https:\/\/migracao.redenoticia.com.br\/noticia\/wp-json\/wp\/v2\/categories?post=94382"},{"taxonomy":"post_tag","embeddable":true,"href":"https:\/\/migracao.redenoticia.com.br\/noticia\/wp-json\/wp\/v2\/tags?post=94382"}],"curies":[{"name":"wp","href":"https:\/\/api.w.org\/{rel}","templated":true}]}}