{"id":94389,"date":"2016-09-02T17:15:10","date_gmt":"2016-09-02T20:15:10","guid":{"rendered":"http:\/\/www.redenoticia.com.br\/noticia\/?p=94389"},"modified":"2016-09-02T18:12:17","modified_gmt":"2016-09-02T21:12:17","slug":"novela-abismo-da-paixao-resumo-0509-ingrid-conversa-com-edmundo-e-pede-que-deixe-ramiro-morrer","status":"publish","type":"post","link":"https:\/\/migracao.redenoticia.com.br\/noticia\/2016\/novela-abismo-da-paixao-resumo-0509-ingrid-conversa-com-edmundo-e-pede-que-deixe-ramiro-morrer\/94389","title":{"rendered":"Novela \u201cAbismo da Paix\u00e3o\u201d resumo 05\/09: Ingrid pede que Edmundo deixe Ramiro morrer"},"content":{"rendered":"<p><img loading=\"lazy\" decoding=\"async\" class=\"alignleft size-thumbnail wp-image-81978\" src=\"https:\/\/migracao.redenoticia.com.br\/noticia\/imagens\/abismo_de_paixao_sbt_resumo_novela-150x112.jpg\" alt=\"abismo_de_paixao_sbt_resumo_novela\" width=\"150\" height=\"112\" srcset=\"https:\/\/migracao.redenoticia.com.br\/noticia\/imagens\/abismo_de_paixao_sbt_resumo_novela-150x112.jpg 150w, https:\/\/migracao.redenoticia.com.br\/noticia\/imagens\/abismo_de_paixao_sbt_resumo_novela-265x198.jpg 265w\" sizes=\"auto, (max-width: 150px) 100vw, 150px\" \/><strong><em>Novela \u201cAbismo da Paix\u00e3o\u201d resumo 05\/09<\/em><\/strong>:\u00a0Ingrid atira em Ramiro. Dami\u00e3o chega na fazenda de Ramiro e o encontra ferido. Ingrid pede a Dami\u00e3o que diga que foi ele quem disparou, pois ela s\u00f3 estava a se proteger. Elisa, Gael e Edmundo chegam \u00e0 fazenda de Ramiro. Ao ver Ramiro ferido, Elisa pergunta a Dami\u00e3o o que ele fez. Ingrid responde que Ramiro estava muito violento e Dami\u00e3o disparou a arma contra ele. Depois, Ingrid conversa com Edmundo e pede que deixe Ramiro morrer.<\/p>\n<p>No cap\u00edtulo 116 (*), novela \u201cAbismo da Paix\u00e3o\u201d, segunda-feira, 05 de setembro \u2013 Dami\u00e3o chega a fazenda de Ramiro e o encontra ferido. Ingrid pede a Dami\u00e3o que diga que foi ele quem disparou, pois ela s\u00f3 estava se protegendo. Almerinda se surpreende quando Hor\u00e1cio diz que Ramiro tem guardado as passagens de avi\u00e3o que Rog\u00e9rio usaria para fugir com sua amante.<\/p>\n<p>Elisa, Gael e Edmundo chegam a fazenda de Ramiro. Ao ver Ramiro ferido, Elisa pergunta a Dami\u00e3o o que ele fez. Ingrid responde que como Ramiro estava muito violento, Dami\u00e3o disparou a arma contra ele. Almerinda pede a Hor\u00e1cio que tente se lembrar dos nomes que estavam nas passagens de avi\u00e3o.<\/p>\n<p>Hor\u00e1cio confessa a Almerinda que Carmem foi quem o pediu para recuperar as passagens de avi\u00e3o, e talvez Almerinda sempre esteve odiando a pessoa errada. Carmem diz ao Padre Lupe que acaba de descobrir que Gael \u00e9 o filho bastardo de Rog\u00e9rio. Ingrid pede \u00e1 Edmundo que deixe Ramiro morrer.<\/p>\n<p>(*) edi\u00e7\u00e3o do SBT, Novela \u201cAbismo da Paix\u00e3o\u201d, sujeito a altera\u00e7\u00e3o de data e conte\u00fado.<\/p>\n","protected":false},"excerpt":{"rendered":"<p>Novela \u201cAbismo da Paix\u00e3o\u201d resumo 05\/09:\u00a0Ingrid atira em Ramiro. Dami\u00e3o chega na fazenda de Ramiro e o encontra ferido. Ingrid pede a Dami\u00e3o que diga que foi ele quem disparou, pois ela s\u00f3 estava a se proteger. Elisa, Gael e Edmundo chegam \u00e0 fazenda de Ramiro. Ao ver Ramiro ferido, Elisa pergunta a Dami\u00e3o o [&hellip;]<\/p>\n","protected":false},"author":4,"featured_media":81978,"comment_status":"open","ping_status":"closed","sticky":false,"template":"","format":"standard","meta":{"tdm_status":"","tdm_grid_status":"","footnotes":""},"categories":[379,372,343],"tags":[441],"class_list":{"0":"post-94389","1":"post","2":"type-post","3":"status-publish","4":"format-standard","5":"has-post-thumbnail","7":"category-novelas","8":"category-sbt","9":"category-televisao","10":"tag-resumo-do-dia"},"_links":{"self":[{"href":"https:\/\/migracao.redenoticia.com.br\/noticia\/wp-json\/wp\/v2\/posts\/94389","targetHints":{"allow":["GET"]}}],"collection":[{"href":"https:\/\/migracao.redenoticia.com.br\/noticia\/wp-json\/wp\/v2\/posts"}],"about":[{"href":"https:\/\/migracao.redenoticia.com.br\/noticia\/wp-json\/wp\/v2\/types\/post"}],"author":[{"embeddable":true,"href":"https:\/\/migracao.redenoticia.com.br\/noticia\/wp-json\/wp\/v2\/users\/4"}],"replies":[{"embeddable":true,"href":"https:\/\/migracao.redenoticia.com.br\/noticia\/wp-json\/wp\/v2\/comments?post=94389"}],"version-history":[{"count":0,"href":"https:\/\/migracao.redenoticia.com.br\/noticia\/wp-json\/wp\/v2\/posts\/94389\/revisions"}],"wp:featuredmedia":[{"embeddable":true,"href":"https:\/\/migracao.redenoticia.com.br\/noticia\/wp-json\/wp\/v2\/media\/81978"}],"wp:attachment":[{"href":"https:\/\/migracao.redenoticia.com.br\/noticia\/wp-json\/wp\/v2\/media?parent=94389"}],"wp:term":[{"taxonomy":"category","embeddable":true,"href":"https:\/\/migracao.redenoticia.com.br\/noticia\/wp-json\/wp\/v2\/categories?post=94389"},{"taxonomy":"post_tag","embeddable":true,"href":"https:\/\/migracao.redenoticia.com.br\/noticia\/wp-json\/wp\/v2\/tags?post=94389"}],"curies":[{"name":"wp","href":"https:\/\/api.w.org\/{rel}","templated":true}]}}