{"id":94391,"date":"2016-09-02T16:15:43","date_gmt":"2016-09-02T19:15:43","guid":{"rendered":"http:\/\/www.redenoticia.com.br\/noticia\/?p=94391"},"modified":"2016-09-02T17:40:25","modified_gmt":"2016-09-02T20:40:25","slug":"novela-mar-de-amor-resumo-0509-leon-fala-para-esperanca-que-vai-roubar-sua-filha","status":"publish","type":"post","link":"https:\/\/migracao.redenoticia.com.br\/noticia\/2016\/novela-mar-de-amor-resumo-0509-leon-fala-para-esperanca-que-vai-roubar-sua-filha\/94391","title":{"rendered":"Novela \u201cMar de Amor\u201d resumo 05\/09: Estrela e Coral voltam a se enfrentar"},"content":{"rendered":"<p><img loading=\"lazy\" decoding=\"async\" class=\"alignleft size-thumbnail wp-image-86321\" src=\"https:\/\/migracao.redenoticia.com.br\/noticia\/imagens\/Mar_de_Amor_SBT_resumo_novela-150x112.jpg\" alt=\"Mar_de_Amor_SBT_resumo_novela\" width=\"150\" height=\"112\" srcset=\"https:\/\/migracao.redenoticia.com.br\/noticia\/imagens\/Mar_de_Amor_SBT_resumo_novela-150x112.jpg 150w, https:\/\/migracao.redenoticia.com.br\/noticia\/imagens\/Mar_de_Amor_SBT_resumo_novela-265x198.jpg 265w\" sizes=\"auto, (max-width: 150px) 100vw, 150px\" \/><strong><em>Novela \u201cMar de Amor\u201d resumo 05\/09<\/em><\/strong>:\u00a0na festa de lan\u00e7amento do livro de Victor Manuel, Estrela Marinha enfrenta Coral. Ao sair da festa, Coral pede a um grupo de arruaceiros que ataquem Ros\u00e9lia, Oriana e Estrela. Eles as perseguem, mas a pol\u00edcia percebe a inten\u00e7\u00e3o dos arruaceiros e os prendem. Mais tarde, Tilico fala com Coral, e diz que Estrela est\u00e1 no apartamento de Victor. Estrela e Coral voltam a se enfrentar. Em Praia Escondida, Leon fala para Esperan\u00e7a que vai roubar a sua filha.<\/p>\n<p>No cap\u00edtulo 081(*), novela \u201cMar de Amor\u201d, segunda-feira, 05 de setembro \u2013 Estrela e Catalina se confrontam durante o lan\u00e7amento do livro de Victor. A atitude de Estrela mudou completamente. Agora ela enfrenta Coral e flerta com alguns jovens para fazer ci\u00fames em Victor Manuel.<\/p>\n<p>Ao sair da festa, Coral pede a um grupo de arruaceiros que ataquem Ros\u00e9lia, Oriana e Estrela. Eles as perseguem, mas a pol\u00edcia percebe a inten\u00e7\u00e3o dos arruaceiros e os prendem. Desesperada, Maura fala com Guilhermo e este promete contratar um advogado para ela.<\/p>\n<p>Antonio e Aurora tentam fazer Salvador pensar com raz\u00e3o, mas ele resiste. Finalmente Carmita admite que sabe que o \u201cseu\u201d beb\u00ea \u00e9 de Helena, e diz ainda n\u00e3o estar de acordo com as ideias de Salvador. Tilico fala com Coral, e diz que Estrela est\u00e1 no apartamento de Victor. Estrela e Coral voltam a se enfrentar. Leon fala para Esperan\u00e7a que ir\u00e1 \u201croubar\u201d sua filha.<\/p>\n<p>(*) edi\u00e7\u00e3o do SBT, Novela \u201cMar de Amor\u201d, sujeito a altera\u00e7\u00e3o de data e conte\u00fado.<\/p>\n","protected":false},"excerpt":{"rendered":"<p>Novela \u201cMar de Amor\u201d resumo 05\/09:\u00a0na festa de lan\u00e7amento do livro de Victor Manuel, Estrela Marinha enfrenta Coral. Ao sair da festa, Coral pede a um grupo de arruaceiros que ataquem Ros\u00e9lia, Oriana e Estrela. Eles as perseguem, mas a pol\u00edcia percebe a inten\u00e7\u00e3o dos arruaceiros e os prendem. Mais tarde, Tilico fala com Coral, [&hellip;]<\/p>\n","protected":false},"author":4,"featured_media":86321,"comment_status":"open","ping_status":"closed","sticky":false,"template":"","format":"standard","meta":{"tdm_status":"","tdm_grid_status":"","footnotes":""},"categories":[379,372,343],"tags":[441],"class_list":{"0":"post-94391","1":"post","2":"type-post","3":"status-publish","4":"format-standard","5":"has-post-thumbnail","7":"category-novelas","8":"category-sbt","9":"category-televisao","10":"tag-resumo-do-dia"},"_links":{"self":[{"href":"https:\/\/migracao.redenoticia.com.br\/noticia\/wp-json\/wp\/v2\/posts\/94391","targetHints":{"allow":["GET"]}}],"collection":[{"href":"https:\/\/migracao.redenoticia.com.br\/noticia\/wp-json\/wp\/v2\/posts"}],"about":[{"href":"https:\/\/migracao.redenoticia.com.br\/noticia\/wp-json\/wp\/v2\/types\/post"}],"author":[{"embeddable":true,"href":"https:\/\/migracao.redenoticia.com.br\/noticia\/wp-json\/wp\/v2\/users\/4"}],"replies":[{"embeddable":true,"href":"https:\/\/migracao.redenoticia.com.br\/noticia\/wp-json\/wp\/v2\/comments?post=94391"}],"version-history":[{"count":0,"href":"https:\/\/migracao.redenoticia.com.br\/noticia\/wp-json\/wp\/v2\/posts\/94391\/revisions"}],"wp:featuredmedia":[{"embeddable":true,"href":"https:\/\/migracao.redenoticia.com.br\/noticia\/wp-json\/wp\/v2\/media\/86321"}],"wp:attachment":[{"href":"https:\/\/migracao.redenoticia.com.br\/noticia\/wp-json\/wp\/v2\/media?parent=94391"}],"wp:term":[{"taxonomy":"category","embeddable":true,"href":"https:\/\/migracao.redenoticia.com.br\/noticia\/wp-json\/wp\/v2\/categories?post=94391"},{"taxonomy":"post_tag","embeddable":true,"href":"https:\/\/migracao.redenoticia.com.br\/noticia\/wp-json\/wp\/v2\/tags?post=94391"}],"curies":[{"name":"wp","href":"https:\/\/api.w.org\/{rel}","templated":true}]}}