{"id":94480,"date":"2016-09-03T18:10:10","date_gmt":"2016-09-03T21:10:10","guid":{"rendered":"http:\/\/www.redenoticia.com.br\/noticia\/?p=94480"},"modified":"2016-09-04T17:53:17","modified_gmt":"2016-09-04T20:53:17","slug":"novela-sol-nascente-resumo-0509-cesar-insiste-para-que-alice-saia-com-ele","status":"publish","type":"post","link":"https:\/\/migracao.redenoticia.com.br\/noticia\/2016\/novela-sol-nascente-resumo-0509-cesar-insiste-para-que-alice-saia-com-ele\/94480","title":{"rendered":"Novela \u201cSol Nascente\u201d resumo 05\/09:  Cesar insiste para que Alice saia com ele"},"content":{"rendered":"<p><img loading=\"lazy\" decoding=\"async\" class=\"alignleft size-thumbnail wp-image-91714\" src=\"https:\/\/migracao.redenoticia.com.br\/noticia\/imagens\/sol_nascente_resumo_novela_globo-150x112.jpg\" alt=\"sol_nascente_resumo_novela_globo\" width=\"150\" height=\"112\" srcset=\"https:\/\/migracao.redenoticia.com.br\/noticia\/imagens\/sol_nascente_resumo_novela_globo-150x112.jpg 150w, https:\/\/migracao.redenoticia.com.br\/noticia\/imagens\/sol_nascente_resumo_novela_globo-265x198.jpg 265w\" sizes=\"auto, (max-width: 150px) 100vw, 150px\" \/><strong><em>Novela \u201cSol Nascente\u201d resumo 05\/09<\/em><\/strong>: Mario ficou muito chateado quando soube que Ralf Tattoo e Alice tiveram algo e nem participou da festa de despedida da filha de Kazuo Tanaka. Ele at\u00e9 que adiou ter que pedir desculpas para a morena, mas, quando o amor e a amizade verdadeira falam mais alto, o cora\u00e7\u00e3o passa por cima do orgulho ferido. O filho de Vittorio, ent\u00e3o, sai voado atr\u00e1s da amiga para, pelo menos, um at\u00e9 logo antes que ela embarque para o Jap\u00e3o. Mas, ao chegar na casa de Tanaka, d\u00e1 de cara, na verdade, com Hideo. Mario sai de moto em dire\u00e7\u00e3o ao aeroporto. Mario n\u00e3o consegue falar com Alice. Logo depois, no Jap\u00e3o, Cesar insiste para que Alice saia com ele.<\/p>\n<p>No cap\u00edtulo 007(*), novela \u201cSol Nascente\u201d, segunda-feira, 05 de setembro \u2013 Mario n\u00e3o consegue falar com Alice, que est\u00e1 no Jap\u00e3o. Ralf aceita o namoro de Felipe e Lenita. Ana hospeda Chica e as cai\u00e7aras em sua pousada. Mario \u00e9 preso e Vittorio se desespera.<\/p>\n<p>Chica, Dora, Vanda e J\u00falia brincam em seus quartos. Felipe faz uma tatuagem em homenagem a Lenita. Alice e Mario pensam um no outro. Vittorio consegue libertar Mario.<\/p>\n<p>Gaetano diz que Vittorio precisa se desculpar com Lenita. Cesar insiste para que Alice saia com ele.<\/p>\n<p>(*) edi\u00e7\u00e3o da Rede Globo, Novela \u201cSol Nascente\u201d, sujeito a altera\u00e7\u00e3o de data e conte\u00fado.<\/p>\n","protected":false},"excerpt":{"rendered":"<p>Novela \u201cSol Nascente\u201d resumo 05\/09: Mario ficou muito chateado quando soube que Ralf Tattoo e Alice tiveram algo e nem participou da festa de despedida da filha de Kazuo Tanaka. Ele at\u00e9 que adiou ter que pedir desculpas para a morena, mas, quando o amor e a amizade verdadeira falam mais alto, o cora\u00e7\u00e3o passa [&hellip;]<\/p>\n","protected":false},"author":4,"featured_media":91714,"comment_status":"open","ping_status":"closed","sticky":false,"template":"","format":"standard","meta":{"tdm_status":"","tdm_grid_status":"","footnotes":""},"categories":[379,375,343],"tags":[441],"class_list":{"0":"post-94480","1":"post","2":"type-post","3":"status-publish","4":"format-standard","5":"has-post-thumbnail","7":"category-novelas","8":"category-rede-globo","9":"category-televisao","10":"tag-resumo-do-dia"},"_links":{"self":[{"href":"https:\/\/migracao.redenoticia.com.br\/noticia\/wp-json\/wp\/v2\/posts\/94480","targetHints":{"allow":["GET"]}}],"collection":[{"href":"https:\/\/migracao.redenoticia.com.br\/noticia\/wp-json\/wp\/v2\/posts"}],"about":[{"href":"https:\/\/migracao.redenoticia.com.br\/noticia\/wp-json\/wp\/v2\/types\/post"}],"author":[{"embeddable":true,"href":"https:\/\/migracao.redenoticia.com.br\/noticia\/wp-json\/wp\/v2\/users\/4"}],"replies":[{"embeddable":true,"href":"https:\/\/migracao.redenoticia.com.br\/noticia\/wp-json\/wp\/v2\/comments?post=94480"}],"version-history":[{"count":0,"href":"https:\/\/migracao.redenoticia.com.br\/noticia\/wp-json\/wp\/v2\/posts\/94480\/revisions"}],"wp:featuredmedia":[{"embeddable":true,"href":"https:\/\/migracao.redenoticia.com.br\/noticia\/wp-json\/wp\/v2\/media\/91714"}],"wp:attachment":[{"href":"https:\/\/migracao.redenoticia.com.br\/noticia\/wp-json\/wp\/v2\/media?parent=94480"}],"wp:term":[{"taxonomy":"category","embeddable":true,"href":"https:\/\/migracao.redenoticia.com.br\/noticia\/wp-json\/wp\/v2\/categories?post=94480"},{"taxonomy":"post_tag","embeddable":true,"href":"https:\/\/migracao.redenoticia.com.br\/noticia\/wp-json\/wp\/v2\/tags?post=94480"}],"curies":[{"name":"wp","href":"https:\/\/api.w.org\/{rel}","templated":true}]}}