{"id":94482,"date":"2016-09-03T17:50:40","date_gmt":"2016-09-03T20:50:40","guid":{"rendered":"http:\/\/www.redenoticia.com.br\/noticia\/?p=94482"},"modified":"2016-09-04T17:55:02","modified_gmt":"2016-09-04T20:55:02","slug":"novela-malhacao-resumo-0509-romulo-pede-que-jorjao-aceite-treina-lo","status":"publish","type":"post","link":"https:\/\/migracao.redenoticia.com.br\/noticia\/2016\/novela-malhacao-resumo-0509-romulo-pede-que-jorjao-aceite-treina-lo\/94482","title":{"rendered":"Novela \u201cMalha\u00e7\u00e3o\u201d resumo 05\/09: R\u00f4mulo pede que Jorj\u00e3o aceite trein\u00e1-lo"},"content":{"rendered":"<p><img loading=\"lazy\" decoding=\"async\" class=\"alignleft size-thumbnail wp-image-91715\" src=\"https:\/\/migracao.redenoticia.com.br\/noticia\/imagens\/malhacao_pro_dia_nascer_feliz_resumo_novela-150x112.jpg\" alt=\"malhacao_pro_dia_nascer_feliz_resumo_novela\" width=\"150\" height=\"112\" srcset=\"https:\/\/migracao.redenoticia.com.br\/noticia\/imagens\/malhacao_pro_dia_nascer_feliz_resumo_novela-150x112.jpg 150w, https:\/\/migracao.redenoticia.com.br\/noticia\/imagens\/malhacao_pro_dia_nascer_feliz_resumo_novela-265x198.jpg 265w\" sizes=\"auto, (max-width: 150px) 100vw, 150px\" \/><strong><em>Novela \u201cMalha\u00e7\u00e3o\u201d resumo 05\/09<\/em><\/strong>:\u00a0a situa\u00e7\u00e3o de\u00a0R\u00f4mulo na Forma est\u00e1 cada vez mais complicada.\u00a0Nanda, que agora \u00e9 bra\u00e7o direito de\u00a0B\u00e1rbara na administra\u00e7\u00e3o da academia, se v\u00ea obrigada a cobrar a d\u00edvida do garoto. Belloto tenta sair em defesa do amigo, mas o lutador surpreende a todos &#8211; inclusive Nanda \u2013 quando diz que vai sair da academia. Quando ele est\u00e1 a sair do vesti\u00e1rio, Nanda o encontra e pede desculpas. Ela explica a situa\u00e7\u00e3o e sugere um novo prazo para ele quitar a d\u00edvida. Depois, R\u00f4mulo pede que Jorj\u00e3o aceite trein\u00e1-lo e Irene o incentiva.<\/p>\n<p>No cap\u00edtulo 011(*), novela \u201cMalha\u00e7\u00e3o\u201d, segunda-feira, 05 de setembro \u2013 Caio descobre que Joana est\u00e1 trabalhando na Forma. Jab\u00e1 d\u00e1 uma fun\u00e7\u00e3o arriscada a Arthur e Dod\u00f4, como teste para ingressar no MOFO.<\/p>\n<p>Nanda permite que R\u00f4mulo adie o pagamento da academia. Joana sonda J\u00e9ssica sobre as filhas de Ricardo. B\u00e1rbara se incomoda com a presen\u00e7a de T\u00e2nia na Forma.<\/p>\n<p>R\u00f4mulo pede que Jorj\u00e3o aceite trein\u00e1-lo e Irene o incentiva. Lucas observa Juliana com Giovane. B\u00e1rbara surpreende Joana tentando ajudar Gabriel. T\u00e2nia teme perder seu emprego por conta da briga entre F\u00e1bio e Manuela.<\/p>\n<p>(*) edi\u00e7\u00e3o da Rede Globo, Novela \u201cMalha\u00e7\u00e3o\u201d, sujeito a altera\u00e7\u00e3o de data e conte\u00fado.<\/p>\n","protected":false},"excerpt":{"rendered":"<p>Novela \u201cMalha\u00e7\u00e3o\u201d resumo 05\/09:\u00a0a situa\u00e7\u00e3o de\u00a0R\u00f4mulo na Forma est\u00e1 cada vez mais complicada.\u00a0Nanda, que agora \u00e9 bra\u00e7o direito de\u00a0B\u00e1rbara na administra\u00e7\u00e3o da academia, se v\u00ea obrigada a cobrar a d\u00edvida do garoto. Belloto tenta sair em defesa do amigo, mas o lutador surpreende a todos &#8211; inclusive Nanda \u2013 quando diz que vai sair da [&hellip;]<\/p>\n","protected":false},"author":4,"featured_media":91715,"comment_status":"open","ping_status":"closed","sticky":false,"template":"","format":"standard","meta":{"tdm_status":"","tdm_grid_status":"","footnotes":""},"categories":[447,379,375,343],"tags":[441],"class_list":{"0":"post-94482","1":"post","2":"type-post","3":"status-publish","4":"format-standard","5":"has-post-thumbnail","7":"category-malhacao","8":"category-novelas","9":"category-rede-globo","10":"category-televisao","11":"tag-resumo-do-dia"},"_links":{"self":[{"href":"https:\/\/migracao.redenoticia.com.br\/noticia\/wp-json\/wp\/v2\/posts\/94482","targetHints":{"allow":["GET"]}}],"collection":[{"href":"https:\/\/migracao.redenoticia.com.br\/noticia\/wp-json\/wp\/v2\/posts"}],"about":[{"href":"https:\/\/migracao.redenoticia.com.br\/noticia\/wp-json\/wp\/v2\/types\/post"}],"author":[{"embeddable":true,"href":"https:\/\/migracao.redenoticia.com.br\/noticia\/wp-json\/wp\/v2\/users\/4"}],"replies":[{"embeddable":true,"href":"https:\/\/migracao.redenoticia.com.br\/noticia\/wp-json\/wp\/v2\/comments?post=94482"}],"version-history":[{"count":0,"href":"https:\/\/migracao.redenoticia.com.br\/noticia\/wp-json\/wp\/v2\/posts\/94482\/revisions"}],"wp:featuredmedia":[{"embeddable":true,"href":"https:\/\/migracao.redenoticia.com.br\/noticia\/wp-json\/wp\/v2\/media\/91715"}],"wp:attachment":[{"href":"https:\/\/migracao.redenoticia.com.br\/noticia\/wp-json\/wp\/v2\/media?parent=94482"}],"wp:term":[{"taxonomy":"category","embeddable":true,"href":"https:\/\/migracao.redenoticia.com.br\/noticia\/wp-json\/wp\/v2\/categories?post=94482"},{"taxonomy":"post_tag","embeddable":true,"href":"https:\/\/migracao.redenoticia.com.br\/noticia\/wp-json\/wp\/v2\/tags?post=94482"}],"curies":[{"name":"wp","href":"https:\/\/api.w.org\/{rel}","templated":true}]}}