{"id":94484,"date":"2016-09-03T17:10:23","date_gmt":"2016-09-03T20:10:23","guid":{"rendered":"http:\/\/www.redenoticia.com.br\/noticia\/?p=94484"},"modified":"2016-09-04T17:35:11","modified_gmt":"2016-09-04T20:35:11","slug":"novela-anjo-mau-resumo-0509-rodrigo-e-nice-discutem-e-ele-a-beija-com-forca","status":"publish","type":"post","link":"https:\/\/migracao.redenoticia.com.br\/noticia\/2016\/novela-anjo-mau-resumo-0509-rodrigo-e-nice-discutem-e-ele-a-beija-com-forca\/94484","title":{"rendered":"Novela \u201cAnjo Mau\u201d resumo 05\/09: Rodrigo e Nice discutem e ele a beija"},"content":{"rendered":"<p><img loading=\"lazy\" decoding=\"async\" class=\"alignleft size-thumbnail wp-image-83094\" src=\"https:\/\/migracao.redenoticia.com.br\/noticia\/imagens\/anjo_mau_novela_resumo-150x112.jpg\" alt=\"anjo_mau_novela_resumo\" width=\"150\" height=\"112\" srcset=\"https:\/\/migracao.redenoticia.com.br\/noticia\/imagens\/anjo_mau_novela_resumo-150x112.jpg 150w, https:\/\/migracao.redenoticia.com.br\/noticia\/imagens\/anjo_mau_novela_resumo-265x198.jpg 265w\" sizes=\"auto, (max-width: 150px) 100vw, 150px\" \/><strong><em>Novela \u201cAnjo Mau\u201d resumo 05\/09<\/em><\/strong>:\u00a0Paula p\u00f5e a fita de v\u00eddeo na pasta de Rodrigo e, quando ele\u00a0assiste, v\u00ea Nice abra\u00e7ada a J\u00falio. Rodrigo lembra a vez em que J\u00falio foi \u00e0 mans\u00e3o atr\u00e1s de Nice. Bruno, por\u00e9m, esclarece que filmou a cena num momento de fraternidade entre ela e J\u00falio. Rodrigo e Nice discutem e ele a beija com for\u00e7a. Ela lava a boca e diz que tem nojo do marido. <\/p>\n<p>No cap\u00edtulo 110(*), novela \u201cAnjo Mau\u201d, segunda-feira, 05 de setembro \u2013 Rodrigo lembra a vez em que J\u00falio foi \u00e0 mans\u00e3o atr\u00e1s de Nice. Bruno, por\u00e9m, esclarece que filmou a cena num momento de fraternidade entre ela e J\u00falio.<\/p>\n<p>Rodrigo e Nice discutem e ele a beija com for\u00e7a. Ela lava a boca e diz que tem nojo do marido. Helena explica a Rodrigo que J\u00falio nunca transou com Nice.<\/p>\n<p>Lu\u00eds Carlos telefona e avisa que o traficante sumiu. Alzira joga cartas para Simone e diz que ela vai dar um desgosto a Goreti. Revoltado, Rodrigo vai embora de casa.<\/p>\n<p>(*) edi\u00e7\u00e3o da Rede Globo, Novela \u201cAnjo Mau\u201d, sujeito a altera\u00e7\u00e3o de data e conte\u00fado.<\/p>\n","protected":false},"excerpt":{"rendered":"<p>Novela \u201cAnjo Mau\u201d resumo 05\/09:\u00a0Paula p\u00f5e a fita de v\u00eddeo na pasta de Rodrigo e, quando ele\u00a0assiste, v\u00ea Nice abra\u00e7ada a J\u00falio. Rodrigo lembra a vez em que J\u00falio foi \u00e0 mans\u00e3o atr\u00e1s de Nice. Bruno, por\u00e9m, esclarece que filmou a cena num momento de fraternidade entre ela e J\u00falio. Rodrigo e Nice discutem e [&hellip;]<\/p>\n","protected":false},"author":4,"featured_media":83094,"comment_status":"open","ping_status":"closed","sticky":false,"template":"","format":"standard","meta":{"tdm_status":"","tdm_grid_status":"","footnotes":""},"categories":[379,375,343],"tags":[441],"class_list":{"0":"post-94484","1":"post","2":"type-post","3":"status-publish","4":"format-standard","5":"has-post-thumbnail","7":"category-novelas","8":"category-rede-globo","9":"category-televisao","10":"tag-resumo-do-dia"},"_links":{"self":[{"href":"https:\/\/migracao.redenoticia.com.br\/noticia\/wp-json\/wp\/v2\/posts\/94484","targetHints":{"allow":["GET"]}}],"collection":[{"href":"https:\/\/migracao.redenoticia.com.br\/noticia\/wp-json\/wp\/v2\/posts"}],"about":[{"href":"https:\/\/migracao.redenoticia.com.br\/noticia\/wp-json\/wp\/v2\/types\/post"}],"author":[{"embeddable":true,"href":"https:\/\/migracao.redenoticia.com.br\/noticia\/wp-json\/wp\/v2\/users\/4"}],"replies":[{"embeddable":true,"href":"https:\/\/migracao.redenoticia.com.br\/noticia\/wp-json\/wp\/v2\/comments?post=94484"}],"version-history":[{"count":0,"href":"https:\/\/migracao.redenoticia.com.br\/noticia\/wp-json\/wp\/v2\/posts\/94484\/revisions"}],"wp:featuredmedia":[{"embeddable":true,"href":"https:\/\/migracao.redenoticia.com.br\/noticia\/wp-json\/wp\/v2\/media\/83094"}],"wp:attachment":[{"href":"https:\/\/migracao.redenoticia.com.br\/noticia\/wp-json\/wp\/v2\/media?parent=94484"}],"wp:term":[{"taxonomy":"category","embeddable":true,"href":"https:\/\/migracao.redenoticia.com.br\/noticia\/wp-json\/wp\/v2\/categories?post=94484"},{"taxonomy":"post_tag","embeddable":true,"href":"https:\/\/migracao.redenoticia.com.br\/noticia\/wp-json\/wp\/v2\/tags?post=94484"}],"curies":[{"name":"wp","href":"https:\/\/api.w.org\/{rel}","templated":true}]}}