{"id":94541,"date":"2016-09-05T20:15:08","date_gmt":"2016-09-05T23:15:08","guid":{"rendered":"http:\/\/www.redenoticia.com.br\/noticia\/?p=94541"},"modified":"2016-09-05T17:57:15","modified_gmt":"2016-09-05T20:57:15","slug":"novela-cumplices-de-um-resgate-resumo-0609-teo-questiona-giuseppe-sobre-como-foi-adotado-por-ele","status":"publish","type":"post","link":"https:\/\/migracao.redenoticia.com.br\/noticia\/2016\/novela-cumplices-de-um-resgate-resumo-0609-teo-questiona-giuseppe-sobre-como-foi-adotado-por-ele\/94541","title":{"rendered":"Novela \u201cC\u00famplices de um Resgate\u201d resumo 06\/09: c\u00famplices lutam contra o vandalismo"},"content":{"rendered":"<p><img loading=\"lazy\" decoding=\"async\" class=\"alignleft size-thumbnail wp-image-71351\" src=\"https:\/\/migracao.redenoticia.com.br\/noticia\/imagens\/cumplices_de_um_resgate_sbt_novela_resumo-150x112.jpg\" alt=\"cumplices_de_um_resgate_sbt_novela_resumo\" width=\"150\" height=\"112\" srcset=\"https:\/\/migracao.redenoticia.com.br\/noticia\/imagens\/cumplices_de_um_resgate_sbt_novela_resumo-150x112.jpg 150w, https:\/\/migracao.redenoticia.com.br\/noticia\/imagens\/cumplices_de_um_resgate_sbt_novela_resumo-265x198.jpg 265w\" sizes=\"auto, (max-width: 150px) 100vw, 150px\" \/><strong><em>Novela \u201cC\u00famplices de um Resgate\u201d resumo 06\/09<\/em><\/strong>:\u00a0os C\u00famplices descobrem uma not\u00edcia falsa na internet, onde o rep\u00f3rter os acusam de pichar muros para promoverem o show. Os c\u00famplices decidem entrar em a\u00e7\u00e3o para n\u00e3o prejudicarem a imagem do grupo.\u00a0Um fot\u00f3grafo faz imagens dos C\u00famplices com as latas de picha\u00e7\u00e3o deixadas no local pelos verdadeiros pichadores.\u00a0Eles decidem limpar os muros e lan\u00e7ar a hashtag #CidadeMaisLimpa, para divulgarem a\u00e7\u00f5es contra o vandalismo.<\/p>\n<p>No cap\u00edtulo 287(*), novela \u201cC\u00famplice de um Resgate\u201d, ter\u00e7a-feira, 06 de setembro \u2013 os c\u00famplices decidem limpar os muros pichados para mostrar que n\u00e3o picharam os muros.<\/p>\n<p>Frederico e Lurdinha ficam at\u00e9 mais tarde na On-Enterprise em clima de rom\u00e2ntico. T\u00e9o questiona Giuseppe sobre como foi adotado por ele. Sabrina pega de volta os sapatos que havia dado para Omar.<\/p>\n<p>Os c\u00famplices lan\u00e7am a hashtag #CidadeMaisLimpa, para divulgar a\u00e7\u00f5es contra o vandalismo. Frederico leva na gravadora os looks finalizados para o show.<\/p>\n<p>(*) edi\u00e7\u00e3o do SBT, Novela \u201cC\u00famplices de um Resgate\u201d, sujeito a altera\u00e7\u00e3o de data e conte\u00fado.<\/p>\n","protected":false},"excerpt":{"rendered":"<p>Novela \u201cC\u00famplices de um Resgate\u201d resumo 06\/09:\u00a0os C\u00famplices descobrem uma not\u00edcia falsa na internet, onde o rep\u00f3rter os acusam de pichar muros para promoverem o show. Os c\u00famplices decidem entrar em a\u00e7\u00e3o para n\u00e3o prejudicarem a imagem do grupo.\u00a0Um fot\u00f3grafo faz imagens dos C\u00famplices com as latas de picha\u00e7\u00e3o deixadas no local pelos verdadeiros pichadores.\u00a0Eles [&hellip;]<\/p>\n","protected":false},"author":4,"featured_media":71351,"comment_status":"open","ping_status":"closed","sticky":false,"template":"","format":"standard","meta":{"tdm_status":"","tdm_grid_status":"","footnotes":""},"categories":[379,372,343],"tags":[441],"class_list":{"0":"post-94541","1":"post","2":"type-post","3":"status-publish","4":"format-standard","5":"has-post-thumbnail","7":"category-novelas","8":"category-sbt","9":"category-televisao","10":"tag-resumo-do-dia"},"_links":{"self":[{"href":"https:\/\/migracao.redenoticia.com.br\/noticia\/wp-json\/wp\/v2\/posts\/94541","targetHints":{"allow":["GET"]}}],"collection":[{"href":"https:\/\/migracao.redenoticia.com.br\/noticia\/wp-json\/wp\/v2\/posts"}],"about":[{"href":"https:\/\/migracao.redenoticia.com.br\/noticia\/wp-json\/wp\/v2\/types\/post"}],"author":[{"embeddable":true,"href":"https:\/\/migracao.redenoticia.com.br\/noticia\/wp-json\/wp\/v2\/users\/4"}],"replies":[{"embeddable":true,"href":"https:\/\/migracao.redenoticia.com.br\/noticia\/wp-json\/wp\/v2\/comments?post=94541"}],"version-history":[{"count":0,"href":"https:\/\/migracao.redenoticia.com.br\/noticia\/wp-json\/wp\/v2\/posts\/94541\/revisions"}],"wp:featuredmedia":[{"embeddable":true,"href":"https:\/\/migracao.redenoticia.com.br\/noticia\/wp-json\/wp\/v2\/media\/71351"}],"wp:attachment":[{"href":"https:\/\/migracao.redenoticia.com.br\/noticia\/wp-json\/wp\/v2\/media?parent=94541"}],"wp:term":[{"taxonomy":"category","embeddable":true,"href":"https:\/\/migracao.redenoticia.com.br\/noticia\/wp-json\/wp\/v2\/categories?post=94541"},{"taxonomy":"post_tag","embeddable":true,"href":"https:\/\/migracao.redenoticia.com.br\/noticia\/wp-json\/wp\/v2\/tags?post=94541"}],"curies":[{"name":"wp","href":"https:\/\/api.w.org\/{rel}","templated":true}]}}