{"id":9460,"date":"2009-08-22T23:30:59","date_gmt":"2009-08-23T03:30:59","guid":{"rendered":"http:\/\/www.redenoticia.com.br\/noticia\/?p=9460"},"modified":"2009-08-24T12:40:05","modified_gmt":"2009-08-24T16:40:05","slug":"miss-universo-2009-produz-foto-oficial-de-larissa-costa-com-outras-candidatas","status":"publish","type":"post","link":"https:\/\/migracao.redenoticia.com.br\/noticia\/2009\/miss-universo-2009-produz-foto-oficial-de-larissa-costa-com-outras-candidatas\/9460","title":{"rendered":"Miss Universo 2009 produz foto oficial de Larissa Costa com outras candidatas"},"content":{"rendered":"<p>As candidatas ao Miss Universo 2009 vestiram biqu\u00edni e as faixas de seus respectivos pa\u00edses para tirar a <a href=\"http:\/\/missuniverse.exposuremanager.com\/p\/uni09_poster\/uni09_ps_6596_27_13\" target=\"_blank\">foto oficial<\/a>. Tamb\u00e9m participaram de um desfile de biqu\u00edni organizado pelos respons\u00e1veis do concurso na cidade de Nassau, nas Bahamas, para promover o Miss Universo 2009. A Miss Brasil Larissa Costa participou da preliminar de trajes t\u00edpicos com um modelo inspirado em Carmem Miranda, produzido pelo estilista Alexandre Dutra, confeccionado com diversos tipos de rendas.<\/p>\n<p>Outro desfile das 84 candidatas foi com o vestido de gala, exatamente o que elas v\u00e3o usar na hora do an\u00fancio da Miss Universo 2009. A Miss Brasil Larissa Costa usou um vestido branco deslumbrante. Larissa continua em primeiro lugar na vota\u00e7\u00e3o online no site oficial do Miss Universo 2009.<\/p>\n<p>Larissa Costa \u00e9 formada em pedagogia e come\u00e7ou sua carreira de miss representando a cidade de S\u00e3o Gon\u00e7alo do Amarante, que faz parte da regi\u00e3o metropolitana de Natal. Com 1,75m de altura, 90cm de busto, 63cm de cintura e 93cm de quadril, Larissa Costa se preparou para o Miss Universo 2009 com tratamentos est\u00e9ticos, malha\u00e7\u00e3o, caminhadas e alimenta\u00e7\u00e3o balanceada.<\/p>\n<p>O Miss Universo 2009 acontecer\u00e1 neste domingo, dia 23, em Nassau, e ser\u00e1 transmitido, ao vivo, para todo o Brasil pela Band a partir das 22h.<\/p>\n","protected":false},"excerpt":{"rendered":"<p>As candidatas ao Miss Universo 2009 vestiram biqu\u00edni e as faixas de seus respectivos pa\u00edses para tirar a foto oficial. Tamb\u00e9m participaram de um desfile de biqu\u00edni organizado pelos respons\u00e1veis do concurso na cidade de Nassau, nas Bahamas, para promover o Miss Universo 2009. A Miss Brasil Larissa Costa participou da preliminar de trajes t\u00edpicos [&hellip;]<\/p>\n","protected":false},"author":3,"featured_media":0,"comment_status":"open","ping_status":"open","sticky":false,"template":"","format":"standard","meta":{"tdm_status":"","tdm_grid_status":"","footnotes":""},"categories":[22,343],"tags":[],"class_list":{"0":"post-9460","1":"post","2":"type-post","3":"status-publish","4":"format-standard","6":"category-brasil","7":"category-televisao"},"_links":{"self":[{"href":"https:\/\/migracao.redenoticia.com.br\/noticia\/wp-json\/wp\/v2\/posts\/9460","targetHints":{"allow":["GET"]}}],"collection":[{"href":"https:\/\/migracao.redenoticia.com.br\/noticia\/wp-json\/wp\/v2\/posts"}],"about":[{"href":"https:\/\/migracao.redenoticia.com.br\/noticia\/wp-json\/wp\/v2\/types\/post"}],"author":[{"embeddable":true,"href":"https:\/\/migracao.redenoticia.com.br\/noticia\/wp-json\/wp\/v2\/users\/3"}],"replies":[{"embeddable":true,"href":"https:\/\/migracao.redenoticia.com.br\/noticia\/wp-json\/wp\/v2\/comments?post=9460"}],"version-history":[{"count":0,"href":"https:\/\/migracao.redenoticia.com.br\/noticia\/wp-json\/wp\/v2\/posts\/9460\/revisions"}],"wp:attachment":[{"href":"https:\/\/migracao.redenoticia.com.br\/noticia\/wp-json\/wp\/v2\/media?parent=9460"}],"wp:term":[{"taxonomy":"category","embeddable":true,"href":"https:\/\/migracao.redenoticia.com.br\/noticia\/wp-json\/wp\/v2\/categories?post=9460"},{"taxonomy":"post_tag","embeddable":true,"href":"https:\/\/migracao.redenoticia.com.br\/noticia\/wp-json\/wp\/v2\/tags?post=9460"}],"curies":[{"name":"wp","href":"https:\/\/api.w.org\/{rel}","templated":true}]}}