{"id":9465,"date":"2009-08-23T00:01:34","date_gmt":"2009-08-23T04:01:34","guid":{"rendered":"http:\/\/www.redenoticia.com.br\/noticia\/?p=9465"},"modified":"2009-08-23T00:01:34","modified_gmt":"2009-08-23T04:01:34","slug":"previsao-do-tempo-nas-regioes-do-brasil-neste-domingo-2208","status":"publish","type":"post","link":"https:\/\/migracao.redenoticia.com.br\/noticia\/2009\/previsao-do-tempo-nas-regioes-do-brasil-neste-domingo-2208\/9465","title":{"rendered":"Previs\u00e3o do tempo nas Regi\u00f5es do Brasil neste domingo (22\/08)"},"content":{"rendered":"<p>A Previs\u00e3o do tempo CPTEC\/INPE neste domingo (22\/08), para as Regi\u00f5es do Brasil, informa que a frente fria se afasta para o oceano, mas ainda mant\u00e9m condi\u00e7\u00f5es para chuvas ao longo do dia em todo litoral sul da BA. \u00c1reas de instabilidade associadas a uma \u00e1rea de baixa press\u00e3o em n\u00edveis m\u00e9dios e altos da atmosfera, conhecido como cavado, provocar\u00e1 pancadas fortes de chuva entre o MS, PR, centro-norte de SC, SP, Tri\u00e2ngulo Mineiro e sul de MG. Nas outrass \u00e1reas de MG, no centro norte do ES, e faixa leste da Regi\u00e3o Nordeste, o dia ser\u00e1 com muita nebulosidade, e chances para chuvas r\u00e1pidas e fracas. Em grande parte da Regi\u00e3o Norte, centro-leste de MT e GO, o sol aparece msas tamb\u00e9m haver\u00e1 condi\u00e7\u00f5es para ocorr\u00eancia de pancadas de chuva. Nas demais \u00e1reas da Regi\u00e3o Nordeste, e no RS, o dia ser\u00e1 com varia\u00e7\u00e3o de nebulosidade. As temperaturas estar\u00e3o em eleve\u00e7\u00e3o no sul da Regi\u00e3o Sul.<\/p>\n<p>Previs\u00e3o do tempo na Regi\u00e3o Sudeste do Brasil neste domingo (22\/08): No centro-oeste e sul de SP: nublado com pancadas de chuva localmente forte. Nas demais \u00e1reas de SP, no Tri\u00e2ngulo Mineiro e no sul de MG: sol com varia\u00e7\u00e3o de nuvens e pancadas de chuva que ser\u00e3o a tarde no sul de MG e leste de SP. No RJ e no oeste de MG: nublado com possibilidade de pancadas de chuva. No ES e no leste de MG: sol entre muitas nuvens. No centro-norte de MG: sol entre poucas nuvens. As temperaturas estar\u00e3o amenas em grande parte de SP, no RJ, ES e leste e sul de MG. Temperatura m\u00e1xima: 28C no noroeste de MG. Temperatura m\u00ednima: 04C na Serra da Mantiqueira.<\/p>\n<p>Previs\u00e3o do tempo na Regi\u00e3o Sul do Brasil neste domingo (22\/08): No PR e no norte e leste de SC: sol entre muitas nuvens e pancadas isoladas de chuva forte. Nas demais \u00e1reas de SC e no norte do RS: sol com nebulosidade vari\u00e1vel com possibilidade de pancadas de chuva. Nas demais \u00e1reas do RS: sol entre poucas nuvens. As temperaturas estar\u00e3o baixas. Temperatura m\u00e1xima: 19C no oeste do RS. Temperatura m\u00ednima: 05C na Serra Geral.<\/p>\n<p>Previs\u00e3o do tempo na Regi\u00e3o Centro-Oeste do Brasil neste domingo (22\/08): Em MS, sol entre muitas nuvens e pancadas isoladas de chuva forte. No leste de MT e grande parte de GO: sol com varia\u00e7\u00e3o de nuvens e pancadas de chuva. Nas demais \u00e1reas de MT e no norte e leste de GO: sol com varia\u00e7\u00e3o de nuvens e uma pequena possibilidade de pancadas de chuva. As temperaturas m\u00e1ximas estar\u00e3o em eleva\u00e7\u00e3o em grande parte de MS. Temperatura m\u00e1xima: 38C no norte de MT. Temperatura m\u00ednima: 16C no centro-sul de MS.<\/p>\n<p>Previs\u00e3o do tempo na Regi\u00e3o Nordeste do Brasil neste domingo (22\/08): No litoral da BA: nublado com chuva. Entre o litoral do RN ao litoral de SE: inst\u00e1vel com chuva. No interior leste da Regi\u00e3o: nublado com chuva em pontos isolados. No centro-norte do MA: sol com nebulosidade vari\u00e1vel e pancadas de chuva. No sul do MA: sol com nebulosidade vari\u00e1vel e possibilidade de pancadas de chuva. Nas demais \u00e1reas: sol entre nuvens. As temperaturas estar\u00e3o amenas no sul da BA. Temperatura m\u00e1xima: 37C no PI. Temperatura m\u00ednima: 16C no sul da BA.<\/p>\n<p>Previs\u00e3o do tempo na Regi\u00e3o Norte do Brasil neste domingo (22\/08): No TO, no AP e em RO: sol com nebulosidade vari\u00e1vel e possibilidade de pancadas de chuva. Nas demais \u00e1reas da Regi\u00e3o: sol com nebulosidade vari\u00e1vel com pancadas isoladas de chuva. As temperaturas estar\u00e3o est\u00e1veis. Temperatura m\u00e1xima: 40C no AM. Temperatura m\u00ednima: 15C no centro de RO.<\/p>\n<p>Fonte CPTEC\/INPE<\/p>\n","protected":false},"excerpt":{"rendered":"<p>A Previs\u00e3o do tempo CPTEC\/INPE neste domingo (22\/08), para as Regi\u00f5es do Brasil, informa que a frente fria se afasta para o oceano, mas ainda mant\u00e9m condi\u00e7\u00f5es para chuvas ao longo do dia em todo litoral sul da BA. \u00c1reas de instabilidade associadas a uma \u00e1rea de baixa press\u00e3o em n\u00edveis m\u00e9dios e altos da [&hellip;]<\/p>\n","protected":false},"author":3,"featured_media":0,"comment_status":"open","ping_status":"open","sticky":false,"template":"","format":"standard","meta":{"tdm_status":"","tdm_grid_status":"","footnotes":""},"categories":[22,327],"tags":[],"class_list":{"0":"post-9465","1":"post","2":"type-post","3":"status-publish","4":"format-standard","6":"category-brasil","7":"category-clima"},"_links":{"self":[{"href":"https:\/\/migracao.redenoticia.com.br\/noticia\/wp-json\/wp\/v2\/posts\/9465","targetHints":{"allow":["GET"]}}],"collection":[{"href":"https:\/\/migracao.redenoticia.com.br\/noticia\/wp-json\/wp\/v2\/posts"}],"about":[{"href":"https:\/\/migracao.redenoticia.com.br\/noticia\/wp-json\/wp\/v2\/types\/post"}],"author":[{"embeddable":true,"href":"https:\/\/migracao.redenoticia.com.br\/noticia\/wp-json\/wp\/v2\/users\/3"}],"replies":[{"embeddable":true,"href":"https:\/\/migracao.redenoticia.com.br\/noticia\/wp-json\/wp\/v2\/comments?post=9465"}],"version-history":[{"count":0,"href":"https:\/\/migracao.redenoticia.com.br\/noticia\/wp-json\/wp\/v2\/posts\/9465\/revisions"}],"wp:attachment":[{"href":"https:\/\/migracao.redenoticia.com.br\/noticia\/wp-json\/wp\/v2\/media?parent=9465"}],"wp:term":[{"taxonomy":"category","embeddable":true,"href":"https:\/\/migracao.redenoticia.com.br\/noticia\/wp-json\/wp\/v2\/categories?post=9465"},{"taxonomy":"post_tag","embeddable":true,"href":"https:\/\/migracao.redenoticia.com.br\/noticia\/wp-json\/wp\/v2\/tags?post=9465"}],"curies":[{"name":"wp","href":"https:\/\/api.w.org\/{rel}","templated":true}]}}