{"id":9467,"date":"2009-08-23T23:48:28","date_gmt":"2009-08-24T03:48:28","guid":{"rendered":"http:\/\/www.redenoticia.com.br\/noticia\/?p=9467"},"modified":"2009-08-23T23:50:22","modified_gmt":"2009-08-24T03:50:22","slug":"rede-record-realca-a-emocao-na-final-da-fazenda","status":"publish","type":"post","link":"https:\/\/migracao.redenoticia.com.br\/noticia\/2009\/rede-record-realca-a-emocao-na-final-da-fazenda\/9467","title":{"rendered":"Rede Record real\u00e7a a emo\u00e7\u00e3o na final da Fazenda"},"content":{"rendered":"<p>A Rede Record mostrou neste domingo (23\/08) no programa final da Fazenda, um resumo de todos os momentos emocionantes que aconteceram no reality show nestes 84 dias, antes de anunciar o Dado como o grande vencedor com mais de 80% dos votos. A Danni Carlos n\u00e3o levou o milh\u00e3o mas ganhou um belo carro, surpresa da Rede Record anunciado nos \u00faltimos momentos.<\/p>\n<p>Muita emo\u00e7\u00e3o tamb\u00e9m entre os convidados e familiares dos finalistas da Fazenda da Rede Record. No final do programa, Dado agradeceu a todos qu\u00eas estavam presentes, a todos que votaram por ele, \u00e0 sua bab\u00e1 que estava na plat\u00e9ia e \u00e0 Danni Carlos, que retribuiu o agradecimento. Durante o final da Fazenda, a Rede Record incluiu no repert\u00f3rio v\u00e1rias m\u00fasicas interpretadas pelos finalistas, e at\u00e9 encerrou o show com uma m\u00fasica de Danni Carlos, que ela comp\u00f4s durante o programa, e com a m\u00fasica de Dado \u201cRolex\u201d.<\/p>\n<p>Em resposta ao Britto Jr.. apresentador da Rede Record que se destacou tamb\u00e9m pela sua coreografia no programa final da Fazenda, Dado disse que vai investir o pr\u00eamio em m\u00fasica e ajudar a fam\u00edlia.\u00a0<\/p>\n<p>A apari\u00e7\u00e3o do apresentador Gugu na Fazenda foi muito r\u00e1pida, apenas para levar o envelope com o resultado e anunciar a estr\u00e9ia do novo programa no pr\u00f3ximo domingo, \u00e0s 20h00, na Rede Record. Antes de encerrar o programa final da Fazenda , a Rede Record anunciou a presen\u00e7a de Danni e Dado no programa Hoje em Dia desta segunda-feira, e em todos os programas da Rede Record durante a semana.<\/p>\n<p>Fonte Rede Record &#8211;\u00a0 A Fazenda<\/p>\n","protected":false},"excerpt":{"rendered":"<p>A Rede Record mostrou neste domingo (23\/08) no programa final da Fazenda, um resumo de todos os momentos emocionantes que aconteceram no reality show nestes 84 dias, antes de anunciar o Dado como o grande vencedor com mais de 80% dos votos. A Danni Carlos n\u00e3o levou o milh\u00e3o mas ganhou um belo carro, surpresa [&hellip;]<\/p>\n","protected":false},"author":3,"featured_media":0,"comment_status":"open","ping_status":"open","sticky":false,"template":"","format":"standard","meta":{"tdm_status":"","tdm_grid_status":"","footnotes":""},"categories":[22,343],"tags":[],"class_list":{"0":"post-9467","1":"post","2":"type-post","3":"status-publish","4":"format-standard","6":"category-brasil","7":"category-televisao"},"_links":{"self":[{"href":"https:\/\/migracao.redenoticia.com.br\/noticia\/wp-json\/wp\/v2\/posts\/9467","targetHints":{"allow":["GET"]}}],"collection":[{"href":"https:\/\/migracao.redenoticia.com.br\/noticia\/wp-json\/wp\/v2\/posts"}],"about":[{"href":"https:\/\/migracao.redenoticia.com.br\/noticia\/wp-json\/wp\/v2\/types\/post"}],"author":[{"embeddable":true,"href":"https:\/\/migracao.redenoticia.com.br\/noticia\/wp-json\/wp\/v2\/users\/3"}],"replies":[{"embeddable":true,"href":"https:\/\/migracao.redenoticia.com.br\/noticia\/wp-json\/wp\/v2\/comments?post=9467"}],"version-history":[{"count":0,"href":"https:\/\/migracao.redenoticia.com.br\/noticia\/wp-json\/wp\/v2\/posts\/9467\/revisions"}],"wp:attachment":[{"href":"https:\/\/migracao.redenoticia.com.br\/noticia\/wp-json\/wp\/v2\/media?parent=9467"}],"wp:term":[{"taxonomy":"category","embeddable":true,"href":"https:\/\/migracao.redenoticia.com.br\/noticia\/wp-json\/wp\/v2\/categories?post=9467"},{"taxonomy":"post_tag","embeddable":true,"href":"https:\/\/migracao.redenoticia.com.br\/noticia\/wp-json\/wp\/v2\/tags?post=9467"}],"curies":[{"name":"wp","href":"https:\/\/api.w.org\/{rel}","templated":true}]}}