{"id":94695,"date":"2016-09-07T21:10:14","date_gmt":"2016-09-08T00:10:14","guid":{"rendered":"http:\/\/www.redenoticia.com.br\/noticia\/?p=94695"},"modified":"2016-09-07T15:39:30","modified_gmt":"2016-09-07T18:39:30","slug":"novela-justica-resumo-0809-elisa-quase-atropela-debora","status":"publish","type":"post","link":"https:\/\/migracao.redenoticia.com.br\/noticia\/2016\/novela-justica-resumo-0809-elisa-quase-atropela-debora\/94695","title":{"rendered":"Novela \u201cJusti\u00e7a\u201d resumo 08\/09: Elisa quase atropela D\u00e9bora"},"content":{"rendered":"<p><img loading=\"lazy\" decoding=\"async\" class=\"alignleft size-thumbnail wp-image-92259\" src=\"https:\/\/migracao.redenoticia.com.br\/noticia\/imagens\/novela_globo_justica_resumo-150x112.jpg\" alt=\"novela_globo_justica_resumo\" width=\"150\" height=\"112\" srcset=\"https:\/\/migracao.redenoticia.com.br\/noticia\/imagens\/novela_globo_justica_resumo-150x112.jpg 150w, https:\/\/migracao.redenoticia.com.br\/noticia\/imagens\/novela_globo_justica_resumo-265x198.jpg 265w\" sizes=\"auto, (max-width: 150px) 100vw, 150px\" \/><strong><em>Novela \u201cJusti\u00e7a\u201d resumo 08\/09 <\/em><\/strong>:\u00a0D\u00e9bora guarda o retrato falado do homem que a atacou na bolsa e acompanha Marcelo ao orfanato. Marcelo encontra a imagem na bolsa de D\u00e9bora. Celso e seus comparsas capturam um homem e D\u00e9bora abandona seus alunos para encontrar o homem que a agrediu. Ao v\u00ea-lo ela fica perplexa. Por causa de sua atitude, D\u00e9bora \u00e9 demitida. Elisa quase atropela D\u00e9bora.<\/p>\n<p>No cap\u00edtulo 011(*), novela \u201cJusti\u00e7a\u201d, quinta-feira, 08 de setembro \u2013 Oswaldo segue uma adolescente at\u00e9 o \u00f4nibus escolar. D\u00e9bora guarda o retrato falado do homem que a atacou na bolsa e acompanha Marcelo ao orfanato.<\/p>\n<p>Celso d\u00e1 o colar que comprou de Jesus para Rose. Marcelo encontra o retrato falado na bolsa de D\u00e9bora. Celso e Rose namoram no quiosque. Kellen v\u00ea Celso e Rose juntos. D\u00e9bora abandona seus alunos para encontrar o homem que a agrediu.<\/p>\n<p>Celso e seus comparsas capturam um homem e D\u00e9bora fica perplexa. Regina se irrita ao ver a turma de Isabela com a faxineira do col\u00e9gio. D\u00e9bora \u00e9 demitida. Elisa quase atropela D\u00e9bora.<\/p>\n<p>(*) edi\u00e7\u00e3o da Rede Globo, Novela \u201cJusti\u00e7a\u201d, sujeito a altera\u00e7\u00e3o de data e conte\u00fado.<\/p>\n","protected":false},"excerpt":{"rendered":"<p>Novela \u201cJusti\u00e7a\u201d resumo 08\/09 :\u00a0D\u00e9bora guarda o retrato falado do homem que a atacou na bolsa e acompanha Marcelo ao orfanato. Marcelo encontra a imagem na bolsa de D\u00e9bora. Celso e seus comparsas capturam um homem e D\u00e9bora abandona seus alunos para encontrar o homem que a agrediu. Ao v\u00ea-lo ela fica perplexa. Por causa [&hellip;]<\/p>\n","protected":false},"author":4,"featured_media":92259,"comment_status":"open","ping_status":"closed","sticky":false,"template":"","format":"standard","meta":{"tdm_status":"","tdm_grid_status":"","footnotes":""},"categories":[379,375,343],"tags":[441],"class_list":{"0":"post-94695","1":"post","2":"type-post","3":"status-publish","4":"format-standard","5":"has-post-thumbnail","7":"category-novelas","8":"category-rede-globo","9":"category-televisao","10":"tag-resumo-do-dia"},"_links":{"self":[{"href":"https:\/\/migracao.redenoticia.com.br\/noticia\/wp-json\/wp\/v2\/posts\/94695","targetHints":{"allow":["GET"]}}],"collection":[{"href":"https:\/\/migracao.redenoticia.com.br\/noticia\/wp-json\/wp\/v2\/posts"}],"about":[{"href":"https:\/\/migracao.redenoticia.com.br\/noticia\/wp-json\/wp\/v2\/types\/post"}],"author":[{"embeddable":true,"href":"https:\/\/migracao.redenoticia.com.br\/noticia\/wp-json\/wp\/v2\/users\/4"}],"replies":[{"embeddable":true,"href":"https:\/\/migracao.redenoticia.com.br\/noticia\/wp-json\/wp\/v2\/comments?post=94695"}],"version-history":[{"count":0,"href":"https:\/\/migracao.redenoticia.com.br\/noticia\/wp-json\/wp\/v2\/posts\/94695\/revisions"}],"wp:featuredmedia":[{"embeddable":true,"href":"https:\/\/migracao.redenoticia.com.br\/noticia\/wp-json\/wp\/v2\/media\/92259"}],"wp:attachment":[{"href":"https:\/\/migracao.redenoticia.com.br\/noticia\/wp-json\/wp\/v2\/media?parent=94695"}],"wp:term":[{"taxonomy":"category","embeddable":true,"href":"https:\/\/migracao.redenoticia.com.br\/noticia\/wp-json\/wp\/v2\/categories?post=94695"},{"taxonomy":"post_tag","embeddable":true,"href":"https:\/\/migracao.redenoticia.com.br\/noticia\/wp-json\/wp\/v2\/tags?post=94695"}],"curies":[{"name":"wp","href":"https:\/\/api.w.org\/{rel}","templated":true}]}}