{"id":94697,"date":"2016-09-07T21:00:18","date_gmt":"2016-09-08T00:00:18","guid":{"rendered":"http:\/\/www.redenoticia.com.br\/noticia\/?p=94697"},"modified":"2016-09-07T15:37:12","modified_gmt":"2016-09-07T18:37:12","slug":"novela-velho-chico-resumo-0809-queiroz-conta-para-carlos-que-encarnacao-e-bento-estiveram-juntos","status":"publish","type":"post","link":"https:\/\/migracao.redenoticia.com.br\/noticia\/2016\/novela-velho-chico-resumo-0809-queiroz-conta-para-carlos-que-encarnacao-e-bento-estiveram-juntos\/94697","title":{"rendered":"Novela \u201cVelho Chico\u201d resumo 08\/09: Encarna\u00e7\u00e3o conversa com Bento"},"content":{"rendered":"<p><img loading=\"lazy\" decoding=\"async\" class=\"alignleft size-thumbnail wp-image-82169\" src=\"https:\/\/migracao.redenoticia.com.br\/noticia\/imagens\/velho_chico_novela_resumo_globo-150x112.jpg\" alt=\"velho_chico_novela_resumo_globo\" width=\"150\" height=\"112\" srcset=\"https:\/\/migracao.redenoticia.com.br\/noticia\/imagens\/velho_chico_novela_resumo_globo-150x112.jpg 150w, https:\/\/migracao.redenoticia.com.br\/noticia\/imagens\/velho_chico_novela_resumo_globo-265x198.jpg 265w\" sizes=\"auto, (max-width: 150px) 100vw, 150px\" \/><strong><em>Novela \u201cVelho Chico\u201d resumo 08\/09<\/em><\/strong>:\u00a0Encarna\u00e7\u00e3o n\u00e3o suporta ver Carlos Eduardo tomar o lugar de Afr\u00e2nio e resolve seguir a sugest\u00e3o de Iolanda, de procurar aliados contra o ex-deputado. Ent\u00e3o, ela chama Bento para uma conversa e entrega ao vereador um dossi\u00ea com provas de corrup\u00e7\u00e3o na regi\u00e3o. A matriarca pede para que ele deixe Martim fora deste assunto. Ao voltar para cidade, Bento esconde de Martim o documento que recebeu de sua av\u00f3. Mas, antes de aceitar se unir a Encarna\u00e7\u00e3o, Bento conta a Beatriz sobre a proposta. Ela fica em d\u00favida se eles devem ou n\u00e3o confiar na matriarca. Queiroz conta para Carlos que Encarna\u00e7\u00e3o e Bento estiveram juntos.<\/p>\n<p>No cap\u00edtulo 154(*), novela \u201cVelho Chico\u201d, quinta-feira, 08 de setembro \u2013 Encarna\u00e7\u00e3o conversa com Bento. C\u00edcero procura Santo para falar de Tereza. Afr\u00e2nio exige que Carlos mantenha Martim em seguran\u00e7a.<\/p>\n<p>Afr\u00e2nio e Carlos v\u00e3o ao bar de Chico Criatura e Martim os enfrenta. Bento esconde de Martim o documento que recebeu de Encarna\u00e7\u00e3o. Queiroz conta para Carlos que Encarna\u00e7\u00e3o e Bento estiveram juntos.<\/p>\n<p>Beatriz n\u00e3o aceita que Bento volte a investigar a Prefeitura. Martim se incomoda com o jeito como Beatriz fala com ele. Encarna\u00e7\u00e3o garante a Iolanda que n\u00e3o deixar\u00e1 Carlos ficar com o patrim\u00f4nio de sua fam\u00edlia.<\/p>\n<p>(*) edi\u00e7\u00e3o da Rede Globo, Novela \u201cVelho Chico\u201d, sujeito a altera\u00e7\u00e3o de data e conte\u00fado.<\/p>\n","protected":false},"excerpt":{"rendered":"<p>Novela \u201cVelho Chico\u201d resumo 08\/09:\u00a0Encarna\u00e7\u00e3o n\u00e3o suporta ver Carlos Eduardo tomar o lugar de Afr\u00e2nio e resolve seguir a sugest\u00e3o de Iolanda, de procurar aliados contra o ex-deputado. Ent\u00e3o, ela chama Bento para uma conversa e entrega ao vereador um dossi\u00ea com provas de corrup\u00e7\u00e3o na regi\u00e3o. A matriarca pede para que ele deixe Martim [&hellip;]<\/p>\n","protected":false},"author":4,"featured_media":82169,"comment_status":"open","ping_status":"closed","sticky":false,"template":"","format":"standard","meta":{"tdm_status":"","tdm_grid_status":"","footnotes":""},"categories":[379,375,343],"tags":[441],"class_list":{"0":"post-94697","1":"post","2":"type-post","3":"status-publish","4":"format-standard","5":"has-post-thumbnail","7":"category-novelas","8":"category-rede-globo","9":"category-televisao","10":"tag-resumo-do-dia"},"_links":{"self":[{"href":"https:\/\/migracao.redenoticia.com.br\/noticia\/wp-json\/wp\/v2\/posts\/94697","targetHints":{"allow":["GET"]}}],"collection":[{"href":"https:\/\/migracao.redenoticia.com.br\/noticia\/wp-json\/wp\/v2\/posts"}],"about":[{"href":"https:\/\/migracao.redenoticia.com.br\/noticia\/wp-json\/wp\/v2\/types\/post"}],"author":[{"embeddable":true,"href":"https:\/\/migracao.redenoticia.com.br\/noticia\/wp-json\/wp\/v2\/users\/4"}],"replies":[{"embeddable":true,"href":"https:\/\/migracao.redenoticia.com.br\/noticia\/wp-json\/wp\/v2\/comments?post=94697"}],"version-history":[{"count":0,"href":"https:\/\/migracao.redenoticia.com.br\/noticia\/wp-json\/wp\/v2\/posts\/94697\/revisions"}],"wp:featuredmedia":[{"embeddable":true,"href":"https:\/\/migracao.redenoticia.com.br\/noticia\/wp-json\/wp\/v2\/media\/82169"}],"wp:attachment":[{"href":"https:\/\/migracao.redenoticia.com.br\/noticia\/wp-json\/wp\/v2\/media?parent=94697"}],"wp:term":[{"taxonomy":"category","embeddable":true,"href":"https:\/\/migracao.redenoticia.com.br\/noticia\/wp-json\/wp\/v2\/categories?post=94697"},{"taxonomy":"post_tag","embeddable":true,"href":"https:\/\/migracao.redenoticia.com.br\/noticia\/wp-json\/wp\/v2\/tags?post=94697"}],"curies":[{"name":"wp","href":"https:\/\/api.w.org\/{rel}","templated":true}]}}