{"id":94703,"date":"2016-09-07T17:50:18","date_gmt":"2016-09-07T20:50:18","guid":{"rendered":"http:\/\/www.redenoticia.com.br\/noticia\/?p=94703"},"modified":"2016-09-07T15:25:36","modified_gmt":"2016-09-07T18:25:36","slug":"novela-malhacao-resumo-0809-belloto-se-insinua-para-irene-e-jorjao-nao-gosta","status":"publish","type":"post","link":"https:\/\/migracao.redenoticia.com.br\/noticia\/2016\/novela-malhacao-resumo-0809-belloto-se-insinua-para-irene-e-jorjao-nao-gosta\/94703","title":{"rendered":"Novela \u201cMalha\u00e7\u00e3o\u201d resumo 08\/09: Jorj\u00e3o repreende R\u00f4mulo"},"content":{"rendered":"<p><img loading=\"lazy\" decoding=\"async\" class=\"alignleft size-thumbnail wp-image-91715\" src=\"https:\/\/migracao.redenoticia.com.br\/noticia\/imagens\/malhacao_pro_dia_nascer_feliz_resumo_novela-150x112.jpg\" alt=\"malhacao_pro_dia_nascer_feliz_resumo_novela\" width=\"150\" height=\"112\" srcset=\"https:\/\/migracao.redenoticia.com.br\/noticia\/imagens\/malhacao_pro_dia_nascer_feliz_resumo_novela-150x112.jpg 150w, https:\/\/migracao.redenoticia.com.br\/noticia\/imagens\/malhacao_pro_dia_nascer_feliz_resumo_novela-265x198.jpg 265w\" sizes=\"auto, (max-width: 150px) 100vw, 150px\" \/><strong><em>Novela \u201cMalha\u00e7\u00e3o\u201d resumo 08\/09<\/em><\/strong>:\u00a0com d\u00edvidas na academia, R\u00f4mulo continua a dormir escondido no vesti\u00e1rio, mas n\u00e3o consegue convencer Jorj\u00e3o a trein\u00e1-lo. Joana o flagra instalado no vesti\u00e1rio da academia e ele implora para que ela n\u00e3o o denuncie. Para conseguir quitar seus d\u00e9bitos, o rapaz decide participar de uma luta clandestina. O treinador o observa lutando contra Belloto, mas o repreende por participar de luta sem estrutura e seguran\u00e7a.<\/p>\n<p>No cap\u00edtulo 014(*), novela \u201cMalha\u00e7\u00e3o\u201d, quinta-feira, 08 de setembro \u2013 R\u00f4mulo implora para que Joana n\u00e3o o denuncie. Gabriel pensa em perder a disputa para sabotar Caio.<\/p>\n<p>Nanda e Joana ajudam R\u00f4mulo. B\u00e1rbara se incomoda com o elogio de Ricardo \u00e0 ideia de Joana para divulgar a academia. Belloto se insinua para Irene e Jorj\u00e3o n\u00e3o gosta.<\/p>\n<p>R\u00f4mulo consegue pagar a d\u00edvida com a academia. Joana conversa com T\u00e2nia sobre a curiosidade sobre Ricardo. Jorj\u00e3o repreende R\u00f4mulo por participar de luta clandestina. Manuela flagra Joana na sala de Ricardo.<\/p>\n<p>(*) edi\u00e7\u00e3o da Rede Globo, Novela \u201cMalha\u00e7\u00e3o\u201d, sujeito a altera\u00e7\u00e3o de data e conte\u00fado.<\/p>\n","protected":false},"excerpt":{"rendered":"<p>Novela \u201cMalha\u00e7\u00e3o\u201d resumo 08\/09:\u00a0com d\u00edvidas na academia, R\u00f4mulo continua a dormir escondido no vesti\u00e1rio, mas n\u00e3o consegue convencer Jorj\u00e3o a trein\u00e1-lo. Joana o flagra instalado no vesti\u00e1rio da academia e ele implora para que ela n\u00e3o o denuncie. Para conseguir quitar seus d\u00e9bitos, o rapaz decide participar de uma luta clandestina. O treinador o observa [&hellip;]<\/p>\n","protected":false},"author":4,"featured_media":91715,"comment_status":"open","ping_status":"closed","sticky":false,"template":"","format":"standard","meta":{"tdm_status":"","tdm_grid_status":"","footnotes":""},"categories":[447,379,375,343],"tags":[441],"class_list":{"0":"post-94703","1":"post","2":"type-post","3":"status-publish","4":"format-standard","5":"has-post-thumbnail","7":"category-malhacao","8":"category-novelas","9":"category-rede-globo","10":"category-televisao","11":"tag-resumo-do-dia"},"_links":{"self":[{"href":"https:\/\/migracao.redenoticia.com.br\/noticia\/wp-json\/wp\/v2\/posts\/94703","targetHints":{"allow":["GET"]}}],"collection":[{"href":"https:\/\/migracao.redenoticia.com.br\/noticia\/wp-json\/wp\/v2\/posts"}],"about":[{"href":"https:\/\/migracao.redenoticia.com.br\/noticia\/wp-json\/wp\/v2\/types\/post"}],"author":[{"embeddable":true,"href":"https:\/\/migracao.redenoticia.com.br\/noticia\/wp-json\/wp\/v2\/users\/4"}],"replies":[{"embeddable":true,"href":"https:\/\/migracao.redenoticia.com.br\/noticia\/wp-json\/wp\/v2\/comments?post=94703"}],"version-history":[{"count":0,"href":"https:\/\/migracao.redenoticia.com.br\/noticia\/wp-json\/wp\/v2\/posts\/94703\/revisions"}],"wp:featuredmedia":[{"embeddable":true,"href":"https:\/\/migracao.redenoticia.com.br\/noticia\/wp-json\/wp\/v2\/media\/91715"}],"wp:attachment":[{"href":"https:\/\/migracao.redenoticia.com.br\/noticia\/wp-json\/wp\/v2\/media?parent=94703"}],"wp:term":[{"taxonomy":"category","embeddable":true,"href":"https:\/\/migracao.redenoticia.com.br\/noticia\/wp-json\/wp\/v2\/categories?post=94703"},{"taxonomy":"post_tag","embeddable":true,"href":"https:\/\/migracao.redenoticia.com.br\/noticia\/wp-json\/wp\/v2\/tags?post=94703"}],"curies":[{"name":"wp","href":"https:\/\/api.w.org\/{rel}","templated":true}]}}