{"id":94709,"date":"2016-09-07T20:15:06","date_gmt":"2016-09-07T23:15:06","guid":{"rendered":"http:\/\/www.redenoticia.com.br\/noticia\/?p=94709"},"modified":"2016-09-07T15:33:23","modified_gmt":"2016-09-07T18:33:23","slug":"novela-cumplices-de-um-resgate-resumo-0809-isabela-fica-sabendo-sobre-teo-estar-triste","status":"publish","type":"post","link":"https:\/\/migracao.redenoticia.com.br\/noticia\/2016\/novela-cumplices-de-um-resgate-resumo-0809-isabela-fica-sabendo-sobre-teo-estar-triste\/94709","title":{"rendered":"Novela \u201cC\u00famplices de um Resgate\u201d resumo 08\/09: Isabela decide n\u00e3o participar do show"},"content":{"rendered":"<p><img loading=\"lazy\" decoding=\"async\" class=\"alignleft size-thumbnail wp-image-71351\" src=\"https:\/\/migracao.redenoticia.com.br\/noticia\/imagens\/cumplices_de_um_resgate_sbt_novela_resumo-150x112.jpg\" alt=\"cumplices_de_um_resgate_sbt_novela_resumo\" width=\"150\" height=\"112\" srcset=\"https:\/\/migracao.redenoticia.com.br\/noticia\/imagens\/cumplices_de_um_resgate_sbt_novela_resumo-150x112.jpg 150w, https:\/\/migracao.redenoticia.com.br\/noticia\/imagens\/cumplices_de_um_resgate_sbt_novela_resumo-265x198.jpg 265w\" sizes=\"auto, (max-width: 150px) 100vw, 150px\" \/><strong><em>Novela \u201cC\u00famplices de um Resgate\u201d resumo 08\/09<\/em><\/strong>: os C\u00famplices fazem as malas. Eles devem viajar para fazerem um grande show, arrecadarem dinheiro e ajudarem a gravadora a se recuperar. Isabela descobre que T\u00e9o est\u00e1 triste e decide n\u00e3o participar do show. Ela vai para o Vilarejo e conversa com T\u00e9o. A banda viaja para Goi\u00e2nia, mas esquecem Felipe sozinho na gravadora. Somente na recep\u00e7\u00e3o do hotel que percebem a aus\u00eancia dele.<\/p>\n<p>No cap\u00edtulo 289(*), novela \u201cC\u00famplice de um Resgate\u201d, quinta-feira, 08 de setembro \u2013 os c\u00famplices fazem as malas para viajar para o grande show que far\u00e3o para arrecadar dinheiro para ajudar a gravadora a se recuperar.<\/p>\n<p>Isabela fica sabendo sobre T\u00e9o estar triste e anuncia para a C1R que n\u00e3o ir\u00e1 mais viajar com a banda e nem participar do show. Vicente est\u00e1 triste, pois realmente o programador sumiu.<\/p>\n<p>Isabela conversa com T\u00e9o no vilarejo. Todos viajam para Goi\u00e2nia, mas esquecem de Felipe sozinho na gravadora. Somente na recep\u00e7\u00e3o do hotel, que os c\u00famplices percebem que esqueceram Felipe.<\/p>\n<p>(*) edi\u00e7\u00e3o do SBT, Novela \u201cC\u00famplices de um Resgate\u201d, sujeito a altera\u00e7\u00e3o de data e conte\u00fado.<\/p>\n","protected":false},"excerpt":{"rendered":"<p>Novela \u201cC\u00famplices de um Resgate\u201d resumo 08\/09: os C\u00famplices fazem as malas. Eles devem viajar para fazerem um grande show, arrecadarem dinheiro e ajudarem a gravadora a se recuperar. Isabela descobre que T\u00e9o est\u00e1 triste e decide n\u00e3o participar do show. Ela vai para o Vilarejo e conversa com T\u00e9o. A banda viaja para Goi\u00e2nia, [&hellip;]<\/p>\n","protected":false},"author":4,"featured_media":71351,"comment_status":"open","ping_status":"closed","sticky":false,"template":"","format":"standard","meta":{"tdm_status":"","tdm_grid_status":"","footnotes":""},"categories":[379,372,343],"tags":[441],"class_list":{"0":"post-94709","1":"post","2":"type-post","3":"status-publish","4":"format-standard","5":"has-post-thumbnail","7":"category-novelas","8":"category-sbt","9":"category-televisao","10":"tag-resumo-do-dia"},"_links":{"self":[{"href":"https:\/\/migracao.redenoticia.com.br\/noticia\/wp-json\/wp\/v2\/posts\/94709","targetHints":{"allow":["GET"]}}],"collection":[{"href":"https:\/\/migracao.redenoticia.com.br\/noticia\/wp-json\/wp\/v2\/posts"}],"about":[{"href":"https:\/\/migracao.redenoticia.com.br\/noticia\/wp-json\/wp\/v2\/types\/post"}],"author":[{"embeddable":true,"href":"https:\/\/migracao.redenoticia.com.br\/noticia\/wp-json\/wp\/v2\/users\/4"}],"replies":[{"embeddable":true,"href":"https:\/\/migracao.redenoticia.com.br\/noticia\/wp-json\/wp\/v2\/comments?post=94709"}],"version-history":[{"count":0,"href":"https:\/\/migracao.redenoticia.com.br\/noticia\/wp-json\/wp\/v2\/posts\/94709\/revisions"}],"wp:featuredmedia":[{"embeddable":true,"href":"https:\/\/migracao.redenoticia.com.br\/noticia\/wp-json\/wp\/v2\/media\/71351"}],"wp:attachment":[{"href":"https:\/\/migracao.redenoticia.com.br\/noticia\/wp-json\/wp\/v2\/media?parent=94709"}],"wp:term":[{"taxonomy":"category","embeddable":true,"href":"https:\/\/migracao.redenoticia.com.br\/noticia\/wp-json\/wp\/v2\/categories?post=94709"},{"taxonomy":"post_tag","embeddable":true,"href":"https:\/\/migracao.redenoticia.com.br\/noticia\/wp-json\/wp\/v2\/tags?post=94709"}],"curies":[{"name":"wp","href":"https:\/\/api.w.org\/{rel}","templated":true}]}}