{"id":94750,"date":"2016-09-07T16:19:04","date_gmt":"2016-09-07T19:19:04","guid":{"rendered":"http:\/\/www.redenoticia.com.br\/noticia\/?p=94750"},"modified":"2016-09-08T21:28:27","modified_gmt":"2016-09-09T00:28:27","slug":"novela-sila-resumo-0809-dilaver-encara-berzan","status":"publish","type":"post","link":"https:\/\/migracao.redenoticia.com.br\/noticia\/2016\/novela-sila-resumo-0809-dilaver-encara-berzan\/94750","title":{"rendered":"Novela \u201cSila\u201d resumo 08\/09: Dilaver encara Berzan"},"content":{"rendered":"<p> <img loading=\"lazy\" decoding=\"async\" class=\"alignleft size-thumbnail wp-image-83098\" src=\"https:\/\/migracao.redenoticia.com.br\/noticia\/imagens\/sila_band_novela_resumo_capitulo-150x112.jpg\" alt=\"sila_band_novela_resumo_capitulo\" width=\"150\" height=\"112\" srcset=\"https:\/\/migracao.redenoticia.com.br\/noticia\/imagens\/sila_band_novela_resumo_capitulo-150x112.jpg 150w, https:\/\/migracao.redenoticia.com.br\/noticia\/imagens\/sila_band_novela_resumo_capitulo-265x198.jpg 265w\" sizes=\"auto, (max-width: 150px) 100vw, 150px\" \/><strong><em> Novela \u201cSila\u201d resumo 08\/09<\/em><\/strong>: Berzan recebe uma informa\u00e7\u00e3o de Dilaver sobre o poss\u00edvel esconderijo de Zeliha. Boran engana Berzan novamente, ele fica furioso e vai \u00e0 casa de Ceren para pression\u00e1-la. Ceren desaparece e Sila n\u00e3o sabe o que \u00e9 que aconteceu. Dilaver encara Berzan, porque acha que ele fez alguma coisa com a sua amada.<\/p>\n<p>No capitulo 137 (*), novela \u201cSila\u201d, quinta-feira, 08 de setembro &#8211; Dilaver confessa a Boran que o traiu, entregando Zeliha. Feride ajuda Bedar em casa e auxilia Emir com as li\u00e7\u00f5es. Berzan vai \u00e0 casa de Ceren para pression\u00e1-la. Bedar conta a Emir que precisa ser operada e ele chora. Sila deixa Bedirhan sob os cuidados de Boran e ele conta hist\u00f3rias ao filho. Ceren pede demiss\u00e3o por email, desaparece e Sila n\u00e3o sabe o que aconteceu. Os pais de Zeliha visitam Boran e pedem para ver a filha.<\/p>\n<p> Ceren pede demiss\u00e3o da empresa e Dilaver vai at\u00e9 a casa dela. Dilaver encara Berzan, porque acha que ele fez alguma coisa com a advogada. Ceren visita Sila para oficializar a demiss\u00e3o. Esma quer contratar um novo advogado e cobra provid\u00eancias de Dilaver, que quer voltar para Mardin.<\/p>\n<p> Berzan trama algo muito ruim. Sila, Boran e o beb\u00ea s\u00e3o fotografados pelos homens de Berzan. Ele manda seus capangas seguir e descobrir todos os detalhes sobre o filho de Sila e Boran.<\/p>\n<p>(*) edi\u00e7\u00e3o da Band, Novela \u201cSila\u201d, sujeito a altera\u00e7\u00e3o de data e conte\u00fado.<\/p>\n","protected":false},"excerpt":{"rendered":"<p>Novela \u201cSila\u201d resumo 08\/09: Berzan recebe uma informa\u00e7\u00e3o de Dilaver sobre o poss\u00edvel esconderijo de Zeliha. Boran engana Berzan novamente, ele fica furioso e vai \u00e0 casa de Ceren para pression\u00e1-la. Ceren desaparece e Sila n\u00e3o sabe o que \u00e9 que aconteceu. Dilaver encara Berzan, porque acha que ele fez alguma coisa com a sua [&hellip;]<\/p>\n","protected":false},"author":2,"featured_media":83098,"comment_status":"open","ping_status":"closed","sticky":false,"template":"","format":"standard","meta":{"tdm_status":"","tdm_grid_status":"","footnotes":""},"categories":[390,379,343],"tags":[441],"class_list":{"0":"post-94750","1":"post","2":"type-post","3":"status-publish","4":"format-standard","5":"has-post-thumbnail","7":"category-band","8":"category-novelas","9":"category-televisao","10":"tag-resumo-do-dia"},"_links":{"self":[{"href":"https:\/\/migracao.redenoticia.com.br\/noticia\/wp-json\/wp\/v2\/posts\/94750","targetHints":{"allow":["GET"]}}],"collection":[{"href":"https:\/\/migracao.redenoticia.com.br\/noticia\/wp-json\/wp\/v2\/posts"}],"about":[{"href":"https:\/\/migracao.redenoticia.com.br\/noticia\/wp-json\/wp\/v2\/types\/post"}],"author":[{"embeddable":true,"href":"https:\/\/migracao.redenoticia.com.br\/noticia\/wp-json\/wp\/v2\/users\/2"}],"replies":[{"embeddable":true,"href":"https:\/\/migracao.redenoticia.com.br\/noticia\/wp-json\/wp\/v2\/comments?post=94750"}],"version-history":[{"count":0,"href":"https:\/\/migracao.redenoticia.com.br\/noticia\/wp-json\/wp\/v2\/posts\/94750\/revisions"}],"wp:featuredmedia":[{"embeddable":true,"href":"https:\/\/migracao.redenoticia.com.br\/noticia\/wp-json\/wp\/v2\/media\/83098"}],"wp:attachment":[{"href":"https:\/\/migracao.redenoticia.com.br\/noticia\/wp-json\/wp\/v2\/media?parent=94750"}],"wp:term":[{"taxonomy":"category","embeddable":true,"href":"https:\/\/migracao.redenoticia.com.br\/noticia\/wp-json\/wp\/v2\/categories?post=94750"},{"taxonomy":"post_tag","embeddable":true,"href":"https:\/\/migracao.redenoticia.com.br\/noticia\/wp-json\/wp\/v2\/tags?post=94750"}],"curies":[{"name":"wp","href":"https:\/\/api.w.org\/{rel}","templated":true}]}}