{"id":94754,"date":"2016-09-08T20:27:23","date_gmt":"2016-09-08T23:27:23","guid":{"rendered":"http:\/\/www.redenoticia.com.br\/noticia\/?p=94754"},"modified":"2016-09-08T21:48:26","modified_gmt":"2016-09-09T00:48:26","slug":"novela-a-terra-prometida-resumo-0909-tobias-fala-sobre-o-odio-que-sente-por-zaqueu","status":"publish","type":"post","link":"https:\/\/migracao.redenoticia.com.br\/noticia\/2016\/novela-a-terra-prometida-resumo-0909-tobias-fala-sobre-o-odio-que-sente-por-zaqueu\/94754","title":{"rendered":"Novela \u201cA Terra Prometida\u201d resumo 09\/09: Tobias fala sobre o \u00f3dio que sente por Zaqueu"},"content":{"rendered":"<p><img loading=\"lazy\" decoding=\"async\" class=\"alignleft size-thumbnail wp-image-89446\" src=\"https:\/\/migracao.redenoticia.com.br\/noticia\/imagens\/a-terra-prometida-novela-record-resumo-150x112.jpg\" alt=\"a-terra-prometida-novela-record-resumo\" width=\"150\" height=\"112\" srcset=\"https:\/\/migracao.redenoticia.com.br\/noticia\/imagens\/a-terra-prometida-novela-record-resumo-150x112.jpg 150w, https:\/\/migracao.redenoticia.com.br\/noticia\/imagens\/a-terra-prometida-novela-record-resumo-265x198.jpg 265w\" sizes=\"auto, (max-width: 150px) 100vw, 150px\" \/><strong><em>Novela \u201cA Terra Prometida\u201d resumo 09\/09<\/em><\/strong>: sem ser notado, Zaqueu observa Ac\u00e3. O vil\u00e3o procura Josu\u00e9 para saber quando atacar\u00e3o Jeric\u00f3. O l\u00edder hebreu avisa que \u00e9 preciso esperar a orienta\u00e7\u00e3o de Deus. Na masmorra, Tobias se abre com Zuma e fala sobre o \u00f3dio que sente por Zaqueu n\u00e3o ter lhe salvado. <\/p>\n<p>No capitulo 048(*), novela \u201cA Terra Prometida\u201d, sexta-feira, 09 de setembro &#8211; L\u00e9ia conversa com Samara e fala que est\u00e1 na hora de revelar a verdadeira hist\u00f3ria de Aruna. Melquias fala com Ac\u00e3 sobre as riquezas existentes no pal\u00e1cio de Jeric\u00f3. L\u00e9ia se abre com Samara e diz que existiu outra mulher na vida de Quemuel. Ela conta sobre o caso que o marido teve com Yana no passado. Samara fica indignada ao descobrir que Aruna \u00e9 fruto desta trai\u00e7\u00e3o. Zaqueu conversa com Chaia e diz desconfiar de Ac\u00e3. Acsa diz que precisa ter uma conversa s\u00e9ria com Gibar. Sem ser notado, Zaqueu observa Ac\u00e3. O vil\u00e3o procura Josu\u00e9 para saber quando atacar\u00e3o Jeric\u00f3. O l\u00edder hebreu avisa que \u00e9 preciso esperar a orienta\u00e7\u00e3o de Deus. Kalu diz que \u00e9 preciso achar um disfarce para Nob\u00e1. Na masmorra, Tobias se abre com Zuma e fala sobre o \u00f3dio que sente por Zaqueu n\u00e3o ter lhe salvado. Salmon aceita o convite de Josu\u00e9 para treinar os guerreiros hebreus.<\/p>\n<p> Zaqueu segue Ac\u00e3 e escuta o vil\u00e3o dizer algo negativo sobre Josu\u00e9. Ele o questiona, mas Ac\u00e3 nega. Darda aconselha Zaqueu a n\u00e3o acusar ningu\u00e9m sem ter certeza. Acsa diz que n\u00e3o beijar\u00e1 Gibar antes de firmarem um compromisso s\u00e9rio. Melquias se irrita ao ouvir Josu\u00e9 anunciar que Salmon ser\u00e1 respons\u00e1vel pelo treinamento. Kalu vai at\u00e9 a casa de Raabe e pede a aten\u00e7\u00e3o de Milah. Ela sente-se penalizada com a situa\u00e7\u00e3o do menino e o convida para entrar. Marek culpa Sandor pelo incidente com Tobias. Ele avisa que a pr\u00f3xima vez que o Monstro Hebreu atacar, Sandor ser\u00e1 responsabilizado. <\/p>\n<p>Gibar diz que Otniel n\u00e3o passa de uma falsifica\u00e7\u00e3o de soldado. Salmon reclama do temperamento impulsivo de Iru. Rune discute com Maquir ao falarem de Livana. Salmon chega e eles desconversam. Calebe se irrita com Iru e Noemi pede que o marido tenha paci\u00eancia. Otniel diz que treinar\u00e1 mais para ser um grande soldado. L\u00e9ia pede para Samara continuar vigiando Aruna. Tibar se desespera ao ouvir Marek dizer que matar\u00e1 Sandor caso Tobias perca uma luta. Aruna e Josu\u00e9 namoram escondidos. Temendo a morte do filho, Tibar pede para Sandor deixar Jeric\u00f3. Josu\u00e9 e Aruna namoram \u00e0s escondidas. Ele diz que a ama e eles se beijam apaixonados. Sem ser vista, Samara observa o beijo dos dois.<\/p>\n<p>(*) edi\u00e7\u00e3o da Rede Record, Novela \u201cA Terra Prometida\u201d, sujeito a altera\u00e7\u00e3o de data e conte\u00fado. <\/p>\n","protected":false},"excerpt":{"rendered":"<p>Novela \u201cA Terra Prometida\u201d resumo 09\/09: sem ser notado, Zaqueu observa Ac\u00e3. O vil\u00e3o procura Josu\u00e9 para saber quando atacar\u00e3o Jeric\u00f3. O l\u00edder hebreu avisa que \u00e9 preciso esperar a orienta\u00e7\u00e3o de Deus. Na masmorra, Tobias se abre com Zuma e fala sobre o \u00f3dio que sente por Zaqueu n\u00e3o ter lhe salvado. No capitulo [&hellip;]<\/p>\n","protected":false},"author":2,"featured_media":89446,"comment_status":"open","ping_status":"closed","sticky":false,"template":"","format":"standard","meta":{"tdm_status":"","tdm_grid_status":"","footnotes":""},"categories":[446,379,371,343],"tags":[441],"class_list":{"0":"post-94754","1":"post","2":"type-post","3":"status-publish","4":"format-standard","5":"has-post-thumbnail","7":"category-a-terra-prometida","8":"category-novelas","9":"category-rede-record","10":"category-televisao","11":"tag-resumo-do-dia"},"_links":{"self":[{"href":"https:\/\/migracao.redenoticia.com.br\/noticia\/wp-json\/wp\/v2\/posts\/94754","targetHints":{"allow":["GET"]}}],"collection":[{"href":"https:\/\/migracao.redenoticia.com.br\/noticia\/wp-json\/wp\/v2\/posts"}],"about":[{"href":"https:\/\/migracao.redenoticia.com.br\/noticia\/wp-json\/wp\/v2\/types\/post"}],"author":[{"embeddable":true,"href":"https:\/\/migracao.redenoticia.com.br\/noticia\/wp-json\/wp\/v2\/users\/2"}],"replies":[{"embeddable":true,"href":"https:\/\/migracao.redenoticia.com.br\/noticia\/wp-json\/wp\/v2\/comments?post=94754"}],"version-history":[{"count":0,"href":"https:\/\/migracao.redenoticia.com.br\/noticia\/wp-json\/wp\/v2\/posts\/94754\/revisions"}],"wp:featuredmedia":[{"embeddable":true,"href":"https:\/\/migracao.redenoticia.com.br\/noticia\/wp-json\/wp\/v2\/media\/89446"}],"wp:attachment":[{"href":"https:\/\/migracao.redenoticia.com.br\/noticia\/wp-json\/wp\/v2\/media?parent=94754"}],"wp:term":[{"taxonomy":"category","embeddable":true,"href":"https:\/\/migracao.redenoticia.com.br\/noticia\/wp-json\/wp\/v2\/categories?post=94754"},{"taxonomy":"post_tag","embeddable":true,"href":"https:\/\/migracao.redenoticia.com.br\/noticia\/wp-json\/wp\/v2\/tags?post=94754"}],"curies":[{"name":"wp","href":"https:\/\/api.w.org\/{rel}","templated":true}]}}