{"id":94768,"date":"2016-09-08T06:04:41","date_gmt":"2016-09-08T09:04:41","guid":{"rendered":"http:\/\/www.redenoticia.com.br\/noticia\/?p=94768"},"modified":"2016-09-07T20:06:22","modified_gmt":"2016-09-07T23:06:22","slug":"instituto-butantan-inicia-os-testes-da-vacina-contra-a-dengue-em-sergipe","status":"publish","type":"post","link":"https:\/\/migracao.redenoticia.com.br\/noticia\/2016\/instituto-butantan-inicia-os-testes-da-vacina-contra-a-dengue-em-sergipe\/94768","title":{"rendered":"Instituto Butantan inicia os testes da vacina contra a dengue em Sergipe"},"content":{"rendered":"<p> Come\u00e7aram na ter\u00e7a-feira (6) os testes em humanos da <strong><em>vacina brasileira contra a dengue<\/em><\/strong> no munic\u00edpio de Laranjeiras, em Sergipe, o segundo estado da regi\u00e3o Nordeste a receber o estudo. Devem participar 1,2 mil volunt\u00e1rios de 2 a 59 anos. Essa \u00e9 a terceira e \u00faltima dos testes que est\u00e3o sendo feitos em 14 centros de pesquisa credenciados pelo Instituto Butantan, em todas as regi\u00f5es do pa\u00eds.<\/p>\n<p>Depois de confirmada a efic\u00e1cia da vacina, os estudos ser\u00e3o encaminhados \u00e0 Anvisa (Ag\u00eancia Nacional de Vigil\u00e2ncia Sanit\u00e1ria) para a sua aprova\u00e7\u00e3o definitiva e distribui\u00e7\u00e3o em campanhas de vacina\u00e7\u00e3o em massa, pela rede p\u00fablica do SUS (Sistema \u00danico de Sa\u00fade).<\/p>\n<p>Os ensaios cl\u00ednicos em Limeira ser\u00e3o conduzidos pela Universidade Federal de Sergipe, credenciada pelo Instituto Butantan, de S\u00e3o Paulo, desenvolvedor da vacina, em parceria com os Institutos Nacionais de Sa\u00fade dos Estados Unidos (NIH, na sigla em ingl\u00eas).<\/p>\n<p>A vacina\u00e7\u00e3o dos volunt\u00e1rios ser\u00e1 feita no Hospital Municipal e Maternidade S\u00e3o Jos\u00e9, em parceria com a Prefeitura Municipal de Laranjeiras, Associa\u00e7\u00e3o Hospitalar de Sergipe e apoio da Funda\u00e7\u00e3o de Apoio \u00e0 Pesquisa e Extens\u00e3o de Sergipe (Fapese).<\/p>\n<p>Os testes j\u00e1 est\u00e3o acontecendo em tr\u00eas centros do Estado de\u00a0 S\u00e3o Paulo (Hospital das Cl\u00ednica da Faculdade de Medicina da USP, Faculdade de Medicina de S\u00e3o Jos\u00e9 do Rio Preto e Santa Casa de Miseric\u00f3rdia), em \u00a0Manaus (AM), Boa Vista (RR) e Porto Velho (RO), na regi\u00e3o Norte, em Fortaleza (CE), Campo Grande (MS) e Porto Alegre (RS).<\/p>\n<p>Est\u00e3o sendo convocados para participar dos testes \u00a017 mil volunt\u00e1rios, saud\u00e1veis, que j\u00e1 tiveram ou n\u00e3o contra\u00eddo o v\u00edrus da dengue, enquadrados em tr\u00eas faixas et\u00e1rias:\u00a0 2 a 6 anos, 7 a 17 anos e 18 a 59 anos. Os participantes ser\u00e3o acompanhados por uma equipe m\u00e9dica durante cinco anos.<\/p>\n<p>A vacina cont\u00e9m o v\u00edrus da dengue, geneticamente atenuado, sem potencial para provocar a doen\u00e7a. Do total de participantes, 1\/3 receber\u00e1 um placebo, ou seja, uma subst\u00e2ncia com as mesmas caracter\u00edsticas da vacina mas sem o v\u00edrus, e os demais a vacina verdadeira, de modo que nenhum dos grupos, nem a equipe m\u00e9dica, saiba o que est\u00e1 sendo inoculado.<\/p>\n<p>Essa terceira fase \u00e9 a da comprova\u00e7\u00e3o definitiva da vacina. Nas duas fases anteriores, os testes indicaram que a vacina \u00e9 segura e que induz o organismo a produzir os anticorpos de maneira equilibrada contra os quatro v\u00edrus da dengue.<\/p>\n<p>Do Portal do Governo do Estado SP<\/p>\n","protected":false},"excerpt":{"rendered":"<p>Come\u00e7aram na ter\u00e7a-feira (6) os testes em humanos da vacina brasileira contra a dengue no munic\u00edpio de Laranjeiras, em Sergipe, o segundo estado da regi\u00e3o Nordeste a receber o estudo. Devem participar 1,2 mil volunt\u00e1rios de 2 a 59 anos. Essa \u00e9 a terceira e \u00faltima dos testes que est\u00e3o sendo feitos em 14 centros [&hellip;]<\/p>\n","protected":false},"author":2,"featured_media":34747,"comment_status":"open","ping_status":"closed","sticky":false,"template":"","format":"standard","meta":{"tdm_status":"","tdm_grid_status":"","footnotes":""},"categories":[22,5],"tags":[],"class_list":{"0":"post-94768","1":"post","2":"type-post","3":"status-publish","4":"format-standard","5":"has-post-thumbnail","7":"category-brasil","8":"category-saude-e-vida"},"_links":{"self":[{"href":"https:\/\/migracao.redenoticia.com.br\/noticia\/wp-json\/wp\/v2\/posts\/94768","targetHints":{"allow":["GET"]}}],"collection":[{"href":"https:\/\/migracao.redenoticia.com.br\/noticia\/wp-json\/wp\/v2\/posts"}],"about":[{"href":"https:\/\/migracao.redenoticia.com.br\/noticia\/wp-json\/wp\/v2\/types\/post"}],"author":[{"embeddable":true,"href":"https:\/\/migracao.redenoticia.com.br\/noticia\/wp-json\/wp\/v2\/users\/2"}],"replies":[{"embeddable":true,"href":"https:\/\/migracao.redenoticia.com.br\/noticia\/wp-json\/wp\/v2\/comments?post=94768"}],"version-history":[{"count":0,"href":"https:\/\/migracao.redenoticia.com.br\/noticia\/wp-json\/wp\/v2\/posts\/94768\/revisions"}],"wp:featuredmedia":[{"embeddable":true,"href":"https:\/\/migracao.redenoticia.com.br\/noticia\/wp-json\/wp\/v2\/media\/34747"}],"wp:attachment":[{"href":"https:\/\/migracao.redenoticia.com.br\/noticia\/wp-json\/wp\/v2\/media?parent=94768"}],"wp:term":[{"taxonomy":"category","embeddable":true,"href":"https:\/\/migracao.redenoticia.com.br\/noticia\/wp-json\/wp\/v2\/categories?post=94768"},{"taxonomy":"post_tag","embeddable":true,"href":"https:\/\/migracao.redenoticia.com.br\/noticia\/wp-json\/wp\/v2\/tags?post=94768"}],"curies":[{"name":"wp","href":"https:\/\/api.w.org\/{rel}","templated":true}]}}