{"id":94787,"date":"2016-09-08T21:10:03","date_gmt":"2016-09-09T00:10:03","guid":{"rendered":"http:\/\/www.redenoticia.com.br\/noticia\/?p=94787"},"modified":"2016-09-08T13:59:20","modified_gmt":"2016-09-08T16:59:20","slug":"novela-justica-resumo-0909-antenor-toma-os-cartoes-de-credito-de-teo","status":"publish","type":"post","link":"https:\/\/migracao.redenoticia.com.br\/noticia\/2016\/novela-justica-resumo-0909-antenor-toma-os-cartoes-de-credito-de-teo\/94787","title":{"rendered":"Novela \u201cJusti\u00e7a\u201d resumo 09\/09:  Kellen v\u00ea foto de Rose com o colar que Mayara ganhou"},"content":{"rendered":"<p><img loading=\"lazy\" decoding=\"async\" class=\"alignleft size-thumbnail wp-image-92259\" src=\"https:\/\/migracao.redenoticia.com.br\/noticia\/imagens\/novela_globo_justica_resumo-150x112.jpg\" alt=\"novela_globo_justica_resumo\" width=\"150\" height=\"112\" srcset=\"https:\/\/migracao.redenoticia.com.br\/noticia\/imagens\/novela_globo_justica_resumo-150x112.jpg 150w, https:\/\/migracao.redenoticia.com.br\/noticia\/imagens\/novela_globo_justica_resumo-265x198.jpg 265w\" sizes=\"auto, (max-width: 150px) 100vw, 150px\" \/><strong><em>Novela \u201cJusti\u00e7a\u201d resumo 09\/09 <\/em><\/strong>:\u00a0Antenor d\u00e1 uma joia para Mayara. Depois, Mayara leva o colar que ganhou de Antenor para F\u00e1tima. Celso compra o colar de Jesus e presenteia Rose. Kellen encontra uma foto de Rose no celular de Celso e percebe que ela est\u00e1 a usar o colar que Mayara ganhou de Antenor. <\/p>\n<p>No cap\u00edtulo 012(*), novela \u201cJusti\u00e7a\u201d, sexta-feira, 09 de setembro \u2013 V\u00e2nia aparece na sauna atr\u00e1s do marido. T\u00e9o e V\u00e2nia assinam documentos de Antenor. Maur\u00edcio ouve a grava\u00e7\u00e3o de Beatriz e chora. Antenor d\u00e1 uma joia para Mayara. Kellen fala de Rose para Mayara. Antenor toma os cart\u00f5es de cr\u00e9dito de T\u00e9o.<\/p>\n<p>Maur\u00edcio garante que destruir\u00e1 a vida de Antenor. Celso segue V\u00e2nia. Mayara aparece no quiosque e finge ser uma cliente para falar com Rose. T\u00e9o rouba dinheiro do pai para pagar a arma que adquiriu com Celso.<\/p>\n<p>Mayara leva o colar que ganhou de Antenor para F\u00e1tima. T\u00e9o procura Douglas. Celso compra o colar de Jesus e presenteia Rose. Kellen encontra uma foto de Rose no celular de Celso e percebe que ela est\u00e1 usando o colar que Mayara ganhou de Antenor.<\/p>\n<p>(*) edi\u00e7\u00e3o da Rede Globo, Novela \u201cJusti\u00e7a\u201d, sujeito a altera\u00e7\u00e3o de data e conte\u00fado.<\/p>\n<p>(*) edi\u00e7\u00e3o da Rede Globo, Novela \u201cJusti\u00e7a\u201d, sujeito a altera\u00e7\u00e3o de data e conte\u00fado.<\/p>\n","protected":false},"excerpt":{"rendered":"<p>Novela \u201cJusti\u00e7a\u201d resumo 09\/09 :\u00a0Antenor d\u00e1 uma joia para Mayara. Depois, Mayara leva o colar que ganhou de Antenor para F\u00e1tima. Celso compra o colar de Jesus e presenteia Rose. Kellen encontra uma foto de Rose no celular de Celso e percebe que ela est\u00e1 a usar o colar que Mayara ganhou de Antenor. No [&hellip;]<\/p>\n","protected":false},"author":4,"featured_media":92259,"comment_status":"open","ping_status":"closed","sticky":false,"template":"","format":"standard","meta":{"tdm_status":"","tdm_grid_status":"","footnotes":""},"categories":[379,375,343],"tags":[441],"class_list":{"0":"post-94787","1":"post","2":"type-post","3":"status-publish","4":"format-standard","5":"has-post-thumbnail","7":"category-novelas","8":"category-rede-globo","9":"category-televisao","10":"tag-resumo-do-dia"},"_links":{"self":[{"href":"https:\/\/migracao.redenoticia.com.br\/noticia\/wp-json\/wp\/v2\/posts\/94787","targetHints":{"allow":["GET"]}}],"collection":[{"href":"https:\/\/migracao.redenoticia.com.br\/noticia\/wp-json\/wp\/v2\/posts"}],"about":[{"href":"https:\/\/migracao.redenoticia.com.br\/noticia\/wp-json\/wp\/v2\/types\/post"}],"author":[{"embeddable":true,"href":"https:\/\/migracao.redenoticia.com.br\/noticia\/wp-json\/wp\/v2\/users\/4"}],"replies":[{"embeddable":true,"href":"https:\/\/migracao.redenoticia.com.br\/noticia\/wp-json\/wp\/v2\/comments?post=94787"}],"version-history":[{"count":0,"href":"https:\/\/migracao.redenoticia.com.br\/noticia\/wp-json\/wp\/v2\/posts\/94787\/revisions"}],"wp:featuredmedia":[{"embeddable":true,"href":"https:\/\/migracao.redenoticia.com.br\/noticia\/wp-json\/wp\/v2\/media\/92259"}],"wp:attachment":[{"href":"https:\/\/migracao.redenoticia.com.br\/noticia\/wp-json\/wp\/v2\/media?parent=94787"}],"wp:term":[{"taxonomy":"category","embeddable":true,"href":"https:\/\/migracao.redenoticia.com.br\/noticia\/wp-json\/wp\/v2\/categories?post=94787"},{"taxonomy":"post_tag","embeddable":true,"href":"https:\/\/migracao.redenoticia.com.br\/noticia\/wp-json\/wp\/v2\/tags?post=94787"}],"curies":[{"name":"wp","href":"https:\/\/api.w.org\/{rel}","templated":true}]}}