{"id":94789,"date":"2016-09-08T21:00:53","date_gmt":"2016-09-09T00:00:53","guid":{"rendered":"http:\/\/www.redenoticia.com.br\/noticia\/?p=94789"},"modified":"2016-09-08T13:54:42","modified_gmt":"2016-09-08T16:54:42","slug":"novela-velho-chico-resumo-0909-afranio-sofre-com-o-afastamento-do-filho","status":"publish","type":"post","link":"https:\/\/migracao.redenoticia.com.br\/noticia\/2016\/novela-velho-chico-resumo-0909-afranio-sofre-com-o-afastamento-do-filho\/94789","title":{"rendered":"Novela \u201cVelho Chico\u201d resumo 09\/09: Afr\u00e2nio sofre com o afastamento do filho"},"content":{"rendered":"<p><img loading=\"lazy\" decoding=\"async\" class=\"alignleft size-thumbnail wp-image-82169\" src=\"https:\/\/migracao.redenoticia.com.br\/noticia\/imagens\/velho_chico_novela_resumo_globo-150x112.jpg\" alt=\"velho_chico_novela_resumo_globo\" width=\"150\" height=\"112\" srcset=\"https:\/\/migracao.redenoticia.com.br\/noticia\/imagens\/velho_chico_novela_resumo_globo-150x112.jpg 150w, https:\/\/migracao.redenoticia.com.br\/noticia\/imagens\/velho_chico_novela_resumo_globo-265x198.jpg 265w\" sizes=\"auto, (max-width: 150px) 100vw, 150px\" \/><strong><em>Novela \u201cVelho Chico\u201d resumo 09\/09<\/em><\/strong>:\u00a0Martim discute com Bento, pois este \u00e9 obrigado a esconder dele que Encarna\u00e7\u00e3o lhe entregou nomes e informa\u00e7\u00f5es para desvendar o esquema de corrup\u00e7\u00e3o em Grotas. Manter Martim fora disso \u00e9 uma exig\u00eancia da matriarca. Logo depois, Beatriz culpa o fot\u00f3grafo pela desgra\u00e7a da sua fam\u00edlia. Desiludido, Martim resolve ir embora de Grotas. Afr\u00e2nio sofre com o afastamento do filho.<\/p>\n<p>No cap\u00edtulo 155(*), novela \u201cVelho Chico\u201d, sexta-feira, 09 de setembro \u2013 Martim discute com Bento e Beatriz o defende. Bento conta para Beatriz como conseguiu pistas sobre o esquema da Prefeitura.<\/p>\n<p>Afr\u00e2nio sofre com o afastamento de Martim. Martim pede que Beatriz conte a verdade para ele. Ceci tem um pressentimento. Z\u00e9 Pirangueiro encontra Martim dormindo em uma canoa.<\/p>\n<p>Luzia e Piedade sentem falta de Beatriz. Iolanda percebe os olhares de Martim para Beatriz.<\/p>\n<p>(*) edi\u00e7\u00e3o da Rede Globo, Novela \u201cVelho Chico\u201d, sujeito a altera\u00e7\u00e3o de data e conte\u00fado.<\/p>\n","protected":false},"excerpt":{"rendered":"<p>Novela \u201cVelho Chico\u201d resumo 09\/09:\u00a0Martim discute com Bento, pois este \u00e9 obrigado a esconder dele que Encarna\u00e7\u00e3o lhe entregou nomes e informa\u00e7\u00f5es para desvendar o esquema de corrup\u00e7\u00e3o em Grotas. Manter Martim fora disso \u00e9 uma exig\u00eancia da matriarca. Logo depois, Beatriz culpa o fot\u00f3grafo pela desgra\u00e7a da sua fam\u00edlia. Desiludido, Martim resolve ir embora [&hellip;]<\/p>\n","protected":false},"author":4,"featured_media":82169,"comment_status":"open","ping_status":"closed","sticky":false,"template":"","format":"standard","meta":{"tdm_status":"","tdm_grid_status":"","footnotes":""},"categories":[379,375,343],"tags":[441],"class_list":{"0":"post-94789","1":"post","2":"type-post","3":"status-publish","4":"format-standard","5":"has-post-thumbnail","7":"category-novelas","8":"category-rede-globo","9":"category-televisao","10":"tag-resumo-do-dia"},"_links":{"self":[{"href":"https:\/\/migracao.redenoticia.com.br\/noticia\/wp-json\/wp\/v2\/posts\/94789","targetHints":{"allow":["GET"]}}],"collection":[{"href":"https:\/\/migracao.redenoticia.com.br\/noticia\/wp-json\/wp\/v2\/posts"}],"about":[{"href":"https:\/\/migracao.redenoticia.com.br\/noticia\/wp-json\/wp\/v2\/types\/post"}],"author":[{"embeddable":true,"href":"https:\/\/migracao.redenoticia.com.br\/noticia\/wp-json\/wp\/v2\/users\/4"}],"replies":[{"embeddable":true,"href":"https:\/\/migracao.redenoticia.com.br\/noticia\/wp-json\/wp\/v2\/comments?post=94789"}],"version-history":[{"count":0,"href":"https:\/\/migracao.redenoticia.com.br\/noticia\/wp-json\/wp\/v2\/posts\/94789\/revisions"}],"wp:featuredmedia":[{"embeddable":true,"href":"https:\/\/migracao.redenoticia.com.br\/noticia\/wp-json\/wp\/v2\/media\/82169"}],"wp:attachment":[{"href":"https:\/\/migracao.redenoticia.com.br\/noticia\/wp-json\/wp\/v2\/media?parent=94789"}],"wp:term":[{"taxonomy":"category","embeddable":true,"href":"https:\/\/migracao.redenoticia.com.br\/noticia\/wp-json\/wp\/v2\/categories?post=94789"},{"taxonomy":"post_tag","embeddable":true,"href":"https:\/\/migracao.redenoticia.com.br\/noticia\/wp-json\/wp\/v2\/tags?post=94789"}],"curies":[{"name":"wp","href":"https:\/\/api.w.org\/{rel}","templated":true}]}}