{"id":94791,"date":"2016-09-08T19:10:15","date_gmt":"2016-09-08T22:10:15","guid":{"rendered":"http:\/\/www.redenoticia.com.br\/noticia\/?p=94791"},"modified":"2016-09-08T13:45:28","modified_gmt":"2016-09-08T16:45:28","slug":"novela-haja-coracao-resumo-0909-camila-consegue-acesso-ao-arquivo-de-giovanni","status":"publish","type":"post","link":"https:\/\/migracao.redenoticia.com.br\/noticia\/2016\/novela-haja-coracao-resumo-0909-camila-consegue-acesso-ao-arquivo-de-giovanni\/94791","title":{"rendered":"Novela \u201cHaja Cora\u00e7\u00e3o\u201d resumo 09\/09: Shirlei tem receio de perder Felipe"},"content":{"rendered":"<p><img loading=\"lazy\" decoding=\"async\" class=\"alignleft size-thumbnail wp-image-87038\" src=\"https:\/\/migracao.redenoticia.com.br\/noticia\/imagens\/haja_coracao_novela_resumo_capitulo_globo-150x112.jpg\" alt=\"haja_coracao_novela_resumo_capitulo_globo\" width=\"150\" height=\"112\" srcset=\"https:\/\/migracao.redenoticia.com.br\/noticia\/imagens\/haja_coracao_novela_resumo_capitulo_globo-150x112.jpg 150w, https:\/\/migracao.redenoticia.com.br\/noticia\/imagens\/haja_coracao_novela_resumo_capitulo_globo-265x198.jpg 265w\" sizes=\"auto, (max-width: 150px) 100vw, 150px\" \/><strong><em>Novela \u201cHaja Cora\u00e7\u00e3o\u201d resumo 09\/09<\/em><\/strong>: atualmente Shirlei vive no c\u00e9u com seu pr\u00edncipe Felipe, mas Ad\u00f4nis se d\u00e1 conta que ela \u00e9 seu verdadeiro amor. Shirlei est\u00e1 toda emocionada com um jantar \u00e0 luz de velas que Felipe preparou, enquanto Ad\u00f4nis confessa a Apolo que est\u00e1 apaixonado por ela. Depois, Shirlei diz a Tancinha e Francesca que tem receio de perder Felipe.<\/p>\n<p>No cap\u00edtulo 085(*), novela \u201cHaja Cora\u00e7\u00e3o\u201d, sexta-feira, 09 de setembro \u2013 Bruna pergunta a Camila sobre seu interesse no caso da explos\u00e3o. Shirlei se emociona com um jantar \u00e0 luz de velas preparado por Felipe.<\/p>\n<p>Ad\u00f4nis confessa a Apolo que est\u00e1 apaixonado por Shirlei. Apolo recebe flores de Tamara. Bruna acredita na explica\u00e7\u00e3o de Camila, que consegue acesso ao arquivo de Giovanni.<\/p>\n<p>Shirlei confessa a Tancinha e Francesca que tem receio de perder Felipe. Francesca aprova a ideia de Beto para o nome da cantina. Tancinha \u00e9 atropelada pelo carro que Fedora dirige.<\/p>\n<p>(*) edi\u00e7\u00e3o da Rede Globo, Novela \u201cHaja Cora\u00e7\u00e3o\u201d, sujeito a altera\u00e7\u00e3o de data e conte\u00fado.<\/p>\n","protected":false},"excerpt":{"rendered":"<p>Novela \u201cHaja Cora\u00e7\u00e3o\u201d resumo 09\/09: atualmente Shirlei vive no c\u00e9u com seu pr\u00edncipe Felipe, mas Ad\u00f4nis se d\u00e1 conta que ela \u00e9 seu verdadeiro amor. Shirlei est\u00e1 toda emocionada com um jantar \u00e0 luz de velas que Felipe preparou, enquanto Ad\u00f4nis confessa a Apolo que est\u00e1 apaixonado por ela. Depois, Shirlei diz a Tancinha e [&hellip;]<\/p>\n","protected":false},"author":4,"featured_media":87038,"comment_status":"open","ping_status":"closed","sticky":false,"template":"","format":"standard","meta":{"tdm_status":"","tdm_grid_status":"","footnotes":""},"categories":[379,375,343],"tags":[441],"class_list":{"0":"post-94791","1":"post","2":"type-post","3":"status-publish","4":"format-standard","5":"has-post-thumbnail","7":"category-novelas","8":"category-rede-globo","9":"category-televisao","10":"tag-resumo-do-dia"},"_links":{"self":[{"href":"https:\/\/migracao.redenoticia.com.br\/noticia\/wp-json\/wp\/v2\/posts\/94791","targetHints":{"allow":["GET"]}}],"collection":[{"href":"https:\/\/migracao.redenoticia.com.br\/noticia\/wp-json\/wp\/v2\/posts"}],"about":[{"href":"https:\/\/migracao.redenoticia.com.br\/noticia\/wp-json\/wp\/v2\/types\/post"}],"author":[{"embeddable":true,"href":"https:\/\/migracao.redenoticia.com.br\/noticia\/wp-json\/wp\/v2\/users\/4"}],"replies":[{"embeddable":true,"href":"https:\/\/migracao.redenoticia.com.br\/noticia\/wp-json\/wp\/v2\/comments?post=94791"}],"version-history":[{"count":0,"href":"https:\/\/migracao.redenoticia.com.br\/noticia\/wp-json\/wp\/v2\/posts\/94791\/revisions"}],"wp:featuredmedia":[{"embeddable":true,"href":"https:\/\/migracao.redenoticia.com.br\/noticia\/wp-json\/wp\/v2\/media\/87038"}],"wp:attachment":[{"href":"https:\/\/migracao.redenoticia.com.br\/noticia\/wp-json\/wp\/v2\/media?parent=94791"}],"wp:term":[{"taxonomy":"category","embeddable":true,"href":"https:\/\/migracao.redenoticia.com.br\/noticia\/wp-json\/wp\/v2\/categories?post=94791"},{"taxonomy":"post_tag","embeddable":true,"href":"https:\/\/migracao.redenoticia.com.br\/noticia\/wp-json\/wp\/v2\/tags?post=94791"}],"curies":[{"name":"wp","href":"https:\/\/api.w.org\/{rel}","templated":true}]}}