{"id":94796,"date":"2016-09-08T17:50:20","date_gmt":"2016-09-08T20:50:20","guid":{"rendered":"http:\/\/www.redenoticia.com.br\/noticia\/?p=94796"},"modified":"2016-09-08T13:36:13","modified_gmt":"2016-09-08T16:36:13","slug":"novela-malhacao-resumo-0909-romulo-consegue-o-emprego-no-hostel","status":"publish","type":"post","link":"https:\/\/migracao.redenoticia.com.br\/noticia\/2016\/novela-malhacao-resumo-0909-romulo-consegue-o-emprego-no-hostel\/94796","title":{"rendered":"Novela \u201cMalha\u00e7\u00e3o\u201d resumo 09\/09: R\u00f4mulo consegue o emprego no hostel"},"content":{"rendered":"<p><img loading=\"lazy\" decoding=\"async\" class=\"alignleft size-thumbnail wp-image-91715\" src=\"https:\/\/migracao.redenoticia.com.br\/noticia\/imagens\/malhacao_pro_dia_nascer_feliz_resumo_novela-150x112.jpg\" alt=\"malhacao_pro_dia_nascer_feliz_resumo_novela\" width=\"150\" height=\"112\" srcset=\"https:\/\/migracao.redenoticia.com.br\/noticia\/imagens\/malhacao_pro_dia_nascer_feliz_resumo_novela-150x112.jpg 150w, https:\/\/migracao.redenoticia.com.br\/noticia\/imagens\/malhacao_pro_dia_nascer_feliz_resumo_novela-265x198.jpg 265w\" sizes=\"auto, (max-width: 150px) 100vw, 150px\" \/><strong><em>Novela \u201cMalha\u00e7\u00e3o\u201d resumo 09\/09<\/em><\/strong>:\u00a0R\u00f4mulo dorme na Forma faz tempo. Depois de quase ter sido pego no flagra por\u00a0Belloto o lutador \u00e9 visto por\u00a0Joana. A garota diz que aquilo ali n\u00e3o \u00e9 hotel e se surpreende com a revela\u00e7\u00e3o do aluno da academia, ao dizer que s\u00f3 est\u00e1 ali para n\u00e3o dormir na rua. Ele jura que vai arrumar outro lugar. Preocupada, Joana desabafa com Nanda. R\u00f4mulo consegue o emprego no hostel e agradece Nanda.<\/p>\n<p>No cap\u00edtulo 015(*), novela \u201cMalha\u00e7\u00e3o\u201d, sexta-feira, 09 de setembro \u2013 Joana e Manuela conversam e trocam experi\u00eancias. R\u00f4mulo implora para que Jorj\u00e3o aceite trein\u00e1-lo.<\/p>\n<p>Corr\u00eaa exige que os alunos se livrem do cabrito, e Juliana sugere esconder o animal na sede do MOFO. R\u00f4mulo consegue um emprego no hostel e agradece Nanda. Tita e B\u00e1rbara armam contra T\u00e2nia.<\/p>\n<p>Lucas sente ci\u00fames de Juliana com Giovane. Arthur e Dod\u00f4 perdem o cabrito. Manuela e B\u00e1rbara discutem por causa de Joana.<\/p>\n<p>(*) edi\u00e7\u00e3o da Rede Globo, Novela \u201cMalha\u00e7\u00e3o\u201d, sujeito a altera\u00e7\u00e3o de data e conte\u00fado.<\/p>\n","protected":false},"excerpt":{"rendered":"<p>Novela \u201cMalha\u00e7\u00e3o\u201d resumo 09\/09:\u00a0R\u00f4mulo dorme na Forma faz tempo. Depois de quase ter sido pego no flagra por\u00a0Belloto o lutador \u00e9 visto por\u00a0Joana. A garota diz que aquilo ali n\u00e3o \u00e9 hotel e se surpreende com a revela\u00e7\u00e3o do aluno da academia, ao dizer que s\u00f3 est\u00e1 ali para n\u00e3o dormir na rua. Ele jura [&hellip;]<\/p>\n","protected":false},"author":4,"featured_media":91715,"comment_status":"open","ping_status":"closed","sticky":false,"template":"","format":"standard","meta":{"tdm_status":"","tdm_grid_status":"","footnotes":""},"categories":[447,379,375,343],"tags":[441],"class_list":{"0":"post-94796","1":"post","2":"type-post","3":"status-publish","4":"format-standard","5":"has-post-thumbnail","7":"category-malhacao","8":"category-novelas","9":"category-rede-globo","10":"category-televisao","11":"tag-resumo-do-dia"},"_links":{"self":[{"href":"https:\/\/migracao.redenoticia.com.br\/noticia\/wp-json\/wp\/v2\/posts\/94796","targetHints":{"allow":["GET"]}}],"collection":[{"href":"https:\/\/migracao.redenoticia.com.br\/noticia\/wp-json\/wp\/v2\/posts"}],"about":[{"href":"https:\/\/migracao.redenoticia.com.br\/noticia\/wp-json\/wp\/v2\/types\/post"}],"author":[{"embeddable":true,"href":"https:\/\/migracao.redenoticia.com.br\/noticia\/wp-json\/wp\/v2\/users\/4"}],"replies":[{"embeddable":true,"href":"https:\/\/migracao.redenoticia.com.br\/noticia\/wp-json\/wp\/v2\/comments?post=94796"}],"version-history":[{"count":0,"href":"https:\/\/migracao.redenoticia.com.br\/noticia\/wp-json\/wp\/v2\/posts\/94796\/revisions"}],"wp:featuredmedia":[{"embeddable":true,"href":"https:\/\/migracao.redenoticia.com.br\/noticia\/wp-json\/wp\/v2\/media\/91715"}],"wp:attachment":[{"href":"https:\/\/migracao.redenoticia.com.br\/noticia\/wp-json\/wp\/v2\/media?parent=94796"}],"wp:term":[{"taxonomy":"category","embeddable":true,"href":"https:\/\/migracao.redenoticia.com.br\/noticia\/wp-json\/wp\/v2\/categories?post=94796"},{"taxonomy":"post_tag","embeddable":true,"href":"https:\/\/migracao.redenoticia.com.br\/noticia\/wp-json\/wp\/v2\/tags?post=94796"}],"curies":[{"name":"wp","href":"https:\/\/api.w.org\/{rel}","templated":true}]}}