{"id":94806,"date":"2016-09-08T17:15:32","date_gmt":"2016-09-08T20:15:32","guid":{"rendered":"http:\/\/www.redenoticia.com.br\/noticia\/?p=94806"},"modified":"2016-09-08T13:33:50","modified_gmt":"2016-09-08T16:33:50","slug":"novela-abismo-da-paixao-resumo-0909-ingrid-desmaia-e-ramiro-a-joga-em-um-buraco","status":"publish","type":"post","link":"https:\/\/migracao.redenoticia.com.br\/noticia\/2016\/novela-abismo-da-paixao-resumo-0909-ingrid-desmaia-e-ramiro-a-joga-em-um-buraco\/94806","title":{"rendered":"Novela \u201cAbismo da Paix\u00e3o\u201d resumo 09\/09: Ramiro joga Ingrid em um buraco"},"content":{"rendered":"<p><img loading=\"lazy\" decoding=\"async\" class=\"alignleft size-thumbnail wp-image-81978\" src=\"https:\/\/migracao.redenoticia.com.br\/noticia\/imagens\/abismo_de_paixao_sbt_resumo_novela-150x112.jpg\" alt=\"abismo_de_paixao_sbt_resumo_novela\" width=\"150\" height=\"112\" srcset=\"https:\/\/migracao.redenoticia.com.br\/noticia\/imagens\/abismo_de_paixao_sbt_resumo_novela-150x112.jpg 150w, https:\/\/migracao.redenoticia.com.br\/noticia\/imagens\/abismo_de_paixao_sbt_resumo_novela-265x198.jpg 265w\" sizes=\"auto, (max-width: 150px) 100vw, 150px\" \/><strong><em>Novela \u201cAbismo da Paix\u00e3o\u201d resumo 09\/09<\/em><\/strong>:\u00a0Almerinda espera por Ingrid na fazenda de Ramiro e ela n\u00e3o aparece. Enquanto isso, Ramiro escapa do centro de sa\u00fade e sequestra Ingrid. Ele a leva para a casa azul e discutem. Ingrid desmaia e Ramiro a joga em um buraco que fez no quintal da casa. Ingrid acaba por acordar e observa que Ramiro joga terra em cima dela. Ingrid grita desesperada.<\/p>\n<p>No cap\u00edtulo 120 (*), novela \u201cAbismo da Paix\u00e3o\u201d, sexta-feira, 09 de setembro \u2013 na pra\u00e7a do povoado, Antonia faz uma cena de ci\u00fames por Br\u00e1ulio estar com Dolores. Ela exige que Dolores se afaste dele e de Vicente, j\u00e1 que s\u00e3o sua fam\u00edlia. Br\u00e1ulio aparece e cala Ant\u00f4nia, pedindo que ela n\u00e3o insulte mais Dolores. Almerinda procura Ingrid na fazenda de Ramiro, mas esta nunca chega para o encontro que tinham.<\/p>\n<p>Flor\u00eancia tem o amuleto de Dami\u00e3o e pensa no que far\u00e1 com ele. Dolores pede a Elisa que pense bem se realmente se casar\u00e1 com Gael ou n\u00e3o. Elisa responde que deve muito a Gael. Na cabana de Ramona, ela n\u00e3o consegue dormir e prepara um ch\u00e1. Paloma comenta com ela que tamb\u00e9m n\u00e3o pode dormir. Ramona a pede que diga a verdade sobre o pai do beb\u00ea, mas Paloma responde que Henrique \u00e9 o pai da crian\u00e7a.<\/p>\n<p>Ramiro escapa do centro de sa\u00fade e sequestra Ingrid. Ele a leva para a casa azul e discutem. Ingrid desmaia e Ramiro a joga em um buraco que fez no quintal da casa. Ingrid acaba acordando e observa como Ramiro joga terra em cima dela. Ingrid grita desesperada.<\/p>\n<p>(*) edi\u00e7\u00e3o do SBT, Novela \u201cAbismo da Paix\u00e3o\u201d, sujeito a altera\u00e7\u00e3o de data e conte\u00fado.<\/p>\n","protected":false},"excerpt":{"rendered":"<p>Novela \u201cAbismo da Paix\u00e3o\u201d resumo 09\/09:\u00a0Almerinda espera por Ingrid na fazenda de Ramiro e ela n\u00e3o aparece. Enquanto isso, Ramiro escapa do centro de sa\u00fade e sequestra Ingrid. Ele a leva para a casa azul e discutem. Ingrid desmaia e Ramiro a joga em um buraco que fez no quintal da casa. Ingrid acaba por [&hellip;]<\/p>\n","protected":false},"author":4,"featured_media":81978,"comment_status":"open","ping_status":"closed","sticky":false,"template":"","format":"standard","meta":{"tdm_status":"","tdm_grid_status":"","footnotes":""},"categories":[379,372,343],"tags":[441],"class_list":{"0":"post-94806","1":"post","2":"type-post","3":"status-publish","4":"format-standard","5":"has-post-thumbnail","7":"category-novelas","8":"category-sbt","9":"category-televisao","10":"tag-resumo-do-dia"},"_links":{"self":[{"href":"https:\/\/migracao.redenoticia.com.br\/noticia\/wp-json\/wp\/v2\/posts\/94806","targetHints":{"allow":["GET"]}}],"collection":[{"href":"https:\/\/migracao.redenoticia.com.br\/noticia\/wp-json\/wp\/v2\/posts"}],"about":[{"href":"https:\/\/migracao.redenoticia.com.br\/noticia\/wp-json\/wp\/v2\/types\/post"}],"author":[{"embeddable":true,"href":"https:\/\/migracao.redenoticia.com.br\/noticia\/wp-json\/wp\/v2\/users\/4"}],"replies":[{"embeddable":true,"href":"https:\/\/migracao.redenoticia.com.br\/noticia\/wp-json\/wp\/v2\/comments?post=94806"}],"version-history":[{"count":0,"href":"https:\/\/migracao.redenoticia.com.br\/noticia\/wp-json\/wp\/v2\/posts\/94806\/revisions"}],"wp:featuredmedia":[{"embeddable":true,"href":"https:\/\/migracao.redenoticia.com.br\/noticia\/wp-json\/wp\/v2\/media\/81978"}],"wp:attachment":[{"href":"https:\/\/migracao.redenoticia.com.br\/noticia\/wp-json\/wp\/v2\/media?parent=94806"}],"wp:term":[{"taxonomy":"category","embeddable":true,"href":"https:\/\/migracao.redenoticia.com.br\/noticia\/wp-json\/wp\/v2\/categories?post=94806"},{"taxonomy":"post_tag","embeddable":true,"href":"https:\/\/migracao.redenoticia.com.br\/noticia\/wp-json\/wp\/v2\/tags?post=94806"}],"curies":[{"name":"wp","href":"https:\/\/api.w.org\/{rel}","templated":true}]}}