{"id":94842,"date":"2016-09-08T16:15:19","date_gmt":"2016-09-08T19:15:19","guid":{"rendered":"http:\/\/www.redenoticia.com.br\/noticia\/?p=94842"},"modified":"2016-09-09T16:49:42","modified_gmt":"2016-09-09T19:49:42","slug":"novela-chamas-da-vida-resumo-0909-vivi-e-rafa-enfrentam-vilma","status":"publish","type":"post","link":"https:\/\/migracao.redenoticia.com.br\/noticia\/2016\/novela-chamas-da-vida-resumo-0909-vivi-e-rafa-enfrentam-vilma\/94842","title":{"rendered":"Novela \u201cChamas da Vida\u201d resumo 09\/09: Vivi e Rafa enfrentam Vilma"},"content":{"rendered":"<p> <img loading=\"lazy\" decoding=\"async\" class=\"alignleft size-thumbnail wp-image-82020\" src=\"https:\/\/migracao.redenoticia.com.br\/noticia\/imagens\/chamas_da_vida_resumo_novela-150x112.jpeg\" alt=\"chamas_da_vida_resumo_novela\" width=\"150\" height=\"112\" \/><strong><em>Novela \u201cChamas da Vida\u201d resumo 09\/09<\/em><\/strong>: Vilma, Mercedes e um seguran\u00e7a chegam \u00e0 praia e manda Rafa e Vivi irem embora com ela. Os dois se recusam. Ela segura Rafa pelo bra\u00e7o, Pedro a enfrenta e se atraca com o seguran\u00e7a. Pedro acerta um soco no seguran\u00e7a, que cai. Ele pede para os irm\u00e3os irem embora com Vilma, para evitar mais confus\u00e3o. Vivi e Rafa esperneiam na casa de Vilma, dizendo que querem ir embora. Vilma fala que, j\u00e1 que eles querem ir embora, vai deix\u00e1-los ir. Todos se surpreendem. Guga pergunta o que Vilma vai fazer e ela responde que, no momento certo, todos v\u00e3o saber. <\/p>\n<p>No capitulo 218 (*), novela \u201cChamas da Vida\u201d, sexta-feira, 09 de setembro &#8211; Fausto pressiona Manu e Marreta, para contarem de onde roubaram o dinheiro que estavam desenterrando, e pergunta por Diego. Manu chora e os dois contam a verdade. Fausto diz que eles roubaram da pessoa errada e Gast\u00e3o \u00e9 o rei dos ca\u00e7a-n\u00edqueis, e de outras coisas que eles nem imaginam. Fausto faz um trato com eles: pede que os dois enterrem novamente o dinheiro, como se nada tivesse acontecido, e descubram o esconderijo de Xavier. Vilma, Mercedes e um seguran\u00e7a chegam \u00e0 praia. Vilma manda Rafa e Vivi irem embora com ela. Os dois se recusam. Ela Rafa pelo bra\u00e7o. Pedro segura-a e se atraca com o seguran\u00e7a. Pedro acerta um soco no seguran\u00e7a, que cai. Ele pede para os irm\u00e3os irem embora com Vilma, para evitar mais confus\u00e3o. Manu e Marreta dizem que t\u00eam que descobrir onde Xavier est\u00e1, mas Beatriz n\u00e3o pode saber que eles fizeram um trato com o delegado. Tom\u00e1s implora para Ivonete voltar para ele. Ele lhe entrega um papel, mostrando que passou 5% da f\u00e1brica para o nome dela. Ivonete n\u00e3o muda de ideia, mas gosta do que Tom\u00e1s fez. Vivi e Rafa esperneiam na casa de Vilma, dizendo que querem ir embora. Vilma fala que, j\u00e1 que eles querem ir embora, vai deix\u00e1-los ir. Todos se surpreendem.<\/p>\n<p>Guga pergunta o que Vilma vai fazer e ela responde que, no momento certo, todos v\u00e3o saber. Michelle e Guilherme est\u00e3o no m\u00e9dico, felizes, ap\u00f3s verem o doutor fazer a implanta\u00e7\u00e3o do embri\u00e3o na c\u00e2nula. Gabriel e Joaquim jogam bola na pra\u00e7a. Telma chega e diz a Gabriel que quer lhe mostrar uma revista. Gabriel n\u00e3o d\u00e1 aten\u00e7\u00e3o, mas ela diz que o pai que ele conheceu, \u00e9 um ator que Ra\u00edssa contratou e mostra a foto dele na revista. Gabriel chora e Telma vai embora, satisfeita. Tadeu chega na pens\u00e3o e diz que tem uma not\u00edcia boa para dar \u00e0 Bia. Manu e Marreta s\u00f3 olham. Ra\u00edssa diz que nem os amigos de Telma est\u00e3o do lado dela, pois est\u00e3o vendo que ela \u00e9 uma safada. Ra\u00edssa vai embora e deixa Telma machucada, chorando. Pedro expulsa Vilma de sua casa e diz que seus irm\u00e3os n\u00e3o s\u00e3o objeto de troca. <\/p>\n<p>Carolina lhe fala que \u00e9 melhor eles conversarem. Vilma manda-o ouvir Carolina. Ele est\u00e1 descontrolado e empurra-a para fora. Pedro e Carolina discutem e choram. Vivi diz a Guga que n\u00e3o o ama e est\u00e1 confusa. Guga fala que quer cuidar dela. Gast\u00e3o briga com Xavier, por ter matado a menina errada. Ele pede que Xavier levante a ficha de Beatriz e descubra quem s\u00e3o seus amigos. Beatriz e L\u00e9o chegam no ferro-velho e falam que v\u00e3o desenterrar o dinheiro, para Manu e Marreta fugirem. Manu se recusa. Bia pergunta o que est\u00e1 acontecendo.<\/p>\n<p>(*) edi\u00e7\u00e3o da Rede Record, Novela \u201cChamas da Vida\u201d, sujeito a altera\u00e7\u00e3o de data e conte\u00fado.<\/p>\n","protected":false},"excerpt":{"rendered":"<p>Novela \u201cChamas da Vida\u201d resumo 09\/09: Vilma, Mercedes e um seguran\u00e7a chegam \u00e0 praia e manda Rafa e Vivi irem embora com ela. Os dois se recusam. Ela segura Rafa pelo bra\u00e7o, Pedro a enfrenta e se atraca com o seguran\u00e7a. Pedro acerta um soco no seguran\u00e7a, que cai. Ele pede para os irm\u00e3os irem [&hellip;]<\/p>\n","protected":false},"author":2,"featured_media":82020,"comment_status":"open","ping_status":"closed","sticky":false,"template":"","format":"standard","meta":{"tdm_status":"","tdm_grid_status":"","footnotes":""},"categories":[379,371,343],"tags":[441],"class_list":{"0":"post-94842","1":"post","2":"type-post","3":"status-publish","4":"format-standard","5":"has-post-thumbnail","7":"category-novelas","8":"category-rede-record","9":"category-televisao","10":"tag-resumo-do-dia"},"_links":{"self":[{"href":"https:\/\/migracao.redenoticia.com.br\/noticia\/wp-json\/wp\/v2\/posts\/94842","targetHints":{"allow":["GET"]}}],"collection":[{"href":"https:\/\/migracao.redenoticia.com.br\/noticia\/wp-json\/wp\/v2\/posts"}],"about":[{"href":"https:\/\/migracao.redenoticia.com.br\/noticia\/wp-json\/wp\/v2\/types\/post"}],"author":[{"embeddable":true,"href":"https:\/\/migracao.redenoticia.com.br\/noticia\/wp-json\/wp\/v2\/users\/2"}],"replies":[{"embeddable":true,"href":"https:\/\/migracao.redenoticia.com.br\/noticia\/wp-json\/wp\/v2\/comments?post=94842"}],"version-history":[{"count":0,"href":"https:\/\/migracao.redenoticia.com.br\/noticia\/wp-json\/wp\/v2\/posts\/94842\/revisions"}],"wp:featuredmedia":[{"embeddable":true,"href":"https:\/\/migracao.redenoticia.com.br\/noticia\/wp-json\/wp\/v2\/media\/82020"}],"wp:attachment":[{"href":"https:\/\/migracao.redenoticia.com.br\/noticia\/wp-json\/wp\/v2\/media?parent=94842"}],"wp:term":[{"taxonomy":"category","embeddable":true,"href":"https:\/\/migracao.redenoticia.com.br\/noticia\/wp-json\/wp\/v2\/categories?post=94842"},{"taxonomy":"post_tag","embeddable":true,"href":"https:\/\/migracao.redenoticia.com.br\/noticia\/wp-json\/wp\/v2\/tags?post=94842"}],"curies":[{"name":"wp","href":"https:\/\/api.w.org\/{rel}","templated":true}]}}