{"id":94844,"date":"2016-09-08T19:15:33","date_gmt":"2016-09-08T22:15:33","guid":{"rendered":"http:\/\/www.redenoticia.com.br\/noticia\/?p=94844"},"modified":"2016-09-08T21:29:22","modified_gmt":"2016-09-09T00:29:22","slug":"novela-sila-resumo-0909-esma-quer-contratar-um-novo-advogado","status":"publish","type":"post","link":"https:\/\/migracao.redenoticia.com.br\/noticia\/2016\/novela-sila-resumo-0909-esma-quer-contratar-um-novo-advogado\/94844","title":{"rendered":"Novela \u201cSila\u201d resumo 09\/09: Esma quer contratar um novo advogado"},"content":{"rendered":"<p> <img loading=\"lazy\" decoding=\"async\" class=\"alignleft size-thumbnail wp-image-83098\" src=\"https:\/\/migracao.redenoticia.com.br\/noticia\/imagens\/sila_band_novela_resumo_capitulo-150x112.jpg\" alt=\"sila_band_novela_resumo_capitulo\" width=\"150\" height=\"112\" srcset=\"https:\/\/migracao.redenoticia.com.br\/noticia\/imagens\/sila_band_novela_resumo_capitulo-150x112.jpg 150w, https:\/\/migracao.redenoticia.com.br\/noticia\/imagens\/sila_band_novela_resumo_capitulo-265x198.jpg 265w\" sizes=\"auto, (max-width: 150px) 100vw, 150px\" \/><strong><em> Novela \u201cSila\u201d resumo 09\/09<\/em><\/strong>: a advogada Ceren fica assustada com as amea\u00e7as e atitudes de Berzan e pede demiss\u00e3o. Logo depois, Ceren visita Sila para oficializa o pedido de desligamento da empresa. Dilaver discute com Berzan por causa de Ceren. Esma quer contratar um novo advogado e cobra provid\u00eancias de Dilaver, que quer voltar para Mardin.  <\/p>\n<p>No capitulo 138 (*), novela \u201cSila\u201d, sexta-feira, 09 de setembro &#8211; Ceren pede demiss\u00e3o por email, desaparece e Sila n\u00e3o sabe o que aconteceu. Os pais de Zeliha visitam Boran e pedem para ver a filha.<\/p>\n<p>Ceren pede demiss\u00e3o da empresa e Dilaver vai at\u00e9 a casa dela. Dilaver encara Berzan, porque acha que ele fez alguma coisa com a advogada. Ceren visita Sila para oficializar a demiss\u00e3o. Esma quer contratar um novo advogado e cobra provid\u00eancias de Dilaver, que quer voltar para Mardin.<\/p>\n<p> Berzan trama algo muito ruim. Sila, Boran e o beb\u00ea s\u00e3o fotografados pelos homens de Berzan. Ele manda seus capangas seguir e descobrir todos os detalhes sobre o filho de Sila e Boran.<\/p>\n<p>(*) edi\u00e7\u00e3o da Band, Novela \u201cSila\u201d, sujeito a altera\u00e7\u00e3o de data e conte\u00fado. <\/p>\n","protected":false},"excerpt":{"rendered":"<p>Novela \u201cSila\u201d resumo 09\/09: a advogada Ceren fica assustada com as amea\u00e7as e atitudes de Berzan e pede demiss\u00e3o. Logo depois, Ceren visita Sila para oficializa o pedido de desligamento da empresa. Dilaver discute com Berzan por causa de Ceren. Esma quer contratar um novo advogado e cobra provid\u00eancias de Dilaver, que quer voltar para [&hellip;]<\/p>\n","protected":false},"author":2,"featured_media":83098,"comment_status":"open","ping_status":"closed","sticky":false,"template":"","format":"standard","meta":{"tdm_status":"","tdm_grid_status":"","footnotes":""},"categories":[390,379,343],"tags":[441],"class_list":{"0":"post-94844","1":"post","2":"type-post","3":"status-publish","4":"format-standard","5":"has-post-thumbnail","7":"category-band","8":"category-novelas","9":"category-televisao","10":"tag-resumo-do-dia"},"_links":{"self":[{"href":"https:\/\/migracao.redenoticia.com.br\/noticia\/wp-json\/wp\/v2\/posts\/94844","targetHints":{"allow":["GET"]}}],"collection":[{"href":"https:\/\/migracao.redenoticia.com.br\/noticia\/wp-json\/wp\/v2\/posts"}],"about":[{"href":"https:\/\/migracao.redenoticia.com.br\/noticia\/wp-json\/wp\/v2\/types\/post"}],"author":[{"embeddable":true,"href":"https:\/\/migracao.redenoticia.com.br\/noticia\/wp-json\/wp\/v2\/users\/2"}],"replies":[{"embeddable":true,"href":"https:\/\/migracao.redenoticia.com.br\/noticia\/wp-json\/wp\/v2\/comments?post=94844"}],"version-history":[{"count":0,"href":"https:\/\/migracao.redenoticia.com.br\/noticia\/wp-json\/wp\/v2\/posts\/94844\/revisions"}],"wp:featuredmedia":[{"embeddable":true,"href":"https:\/\/migracao.redenoticia.com.br\/noticia\/wp-json\/wp\/v2\/media\/83098"}],"wp:attachment":[{"href":"https:\/\/migracao.redenoticia.com.br\/noticia\/wp-json\/wp\/v2\/media?parent=94844"}],"wp:term":[{"taxonomy":"category","embeddable":true,"href":"https:\/\/migracao.redenoticia.com.br\/noticia\/wp-json\/wp\/v2\/categories?post=94844"},{"taxonomy":"post_tag","embeddable":true,"href":"https:\/\/migracao.redenoticia.com.br\/noticia\/wp-json\/wp\/v2\/tags?post=94844"}],"curies":[{"name":"wp","href":"https:\/\/api.w.org\/{rel}","templated":true}]}}