{"id":9487,"date":"2009-08-24T10:14:37","date_gmt":"2009-08-24T14:14:37","guid":{"rendered":"http:\/\/www.redenoticia.com.br\/noticia\/?p=9487"},"modified":"2009-08-24T11:43:21","modified_gmt":"2009-08-24T15:43:21","slug":"especialistas-destacam-a-importancia-da-aproximacao-cultural-para-incremento-dos-negocios-com-a-china","status":"publish","type":"post","link":"https:\/\/migracao.redenoticia.com.br\/noticia\/2009\/especialistas-destacam-a-importancia-da-aproximacao-cultural-para-incremento-dos-negocios-com-a-china\/9487","title":{"rendered":"Especialistas destacam a import\u00e2ncia da aproxima\u00e7\u00e3o cultural para incremento dos neg\u00f3cios com a China"},"content":{"rendered":"<p>No primeiro semestre de 2009 a China se consolidou como o principal parceiro comercial do Brasil, em fun\u00e7\u00e3o do volume de importa\u00e7\u00f5es e de investimentos, o que\u00a0indica que as rela\u00e7\u00f5es entre os dois pa\u00edses tendem a se estreitar cada vez mais, n\u00e3o apenas no campo comercial e econ\u00f4mico, mas tamb\u00e9m no campo pol\u00edtico e cultural. Analisar esse novo cen\u00e1rio e os caminhos a serem seguidos foi o objetivo do\u00a0<strong><em>Semin\u00e1rio Ambiente de Neg\u00f3cios na China<\/em><\/strong>, que o Instituto Conf\u00facio na Unesp realizou\u00a0nesta quarta-feira (19 de agosto), em S\u00e3o Paulo, em parceria com a Fecom\u00e9rcio e a Fiesp.<\/p>\n<p>Para o conselheiro Cultural da Embaixada da China no Brasil, Shu Jianping,\u00a0a dist\u00e2ncia cultural entre os dois pa\u00edses \u00e9 o principal obst\u00e1culo na rela\u00e7\u00e3o bilateral. \u201cPara conquistar um mercado \u00e9 preciso conhecer a realidade do pa\u00eds, como funciona a sua l\u00f3gica e qual a mentalidade e os costumes de seu povo\u201d, destacou. Nesse sentido, ele apontou a relev\u00e2ncia do Instituto Conf\u00facio na Unesp como instrumento para o avan\u00e7o do conhecimento m\u00fatuo entre os dois pa\u00edses. \u201cA\u00a0miss\u00e3o do Instituto \u00e9 justamente a promo\u00e7\u00e3o do ensino da l\u00edngua chinesa e do estreitamento cultural entre Brasil e China\u201d, completou o diretor executivo da entidade, Luiz Antonio Paulino.<\/p>\n<p>Resultado do conv\u00eanio entre a Universidade Estadual Paulista e o governo da Rep\u00fablica Popular da China, em parceria com a Universidade de Hubei, o Instituto Conf\u00facio de S\u00e3o Paulo promove o interc\u00e2mbio cultural sino-brasileiro, al\u00e9m de fomentar o ensino do mandarim\u00a0por meio de cursos da l\u00edngua e eventos para difus\u00e3o da cultura chinesa. Conta com professores nativos, selecionados e aprovados pela matriz na China e \u00e9 a \u00fanica institui\u00e7\u00e3o no Brasil com certifica\u00e7\u00e3o de profici\u00eancia aceita pelas universidades chinesas.<\/p>\n<p><strong>O ambiente de neg\u00f3cios na China<\/strong> &#8211;\u00a0Ap\u00f3s a abertura, Zhang Qikun, vice-diretor e professor da Escola de Interc\u00e2mbio Cultural da Central University of Finance and Economics de Beijing, e Durval de Noronha Goyos Junior, advogado e \u00e1rbitro do Brasil na Organiza\u00e7\u00e3o Mundial do Com\u00e9rcio, se juntaram a Shu Jianping e deram sequ\u00eancia ao semin\u00e1rio com o painel\u00a0<em>O ambiente cultural, pol\u00edtico e legal na China<\/em>.\u00a0Foram\u00a0discutidos assuntos como a evolu\u00e7\u00e3o hist\u00f3rica da China, o papel do Partido Comunista, a hierarquia pol\u00edtica e jur\u00eddica, as leis comerciais, o esfor\u00e7o do governo chin\u00eas para divulgar o mandarim em um pa\u00eds cercado por dialetos e a quest\u00e3o da pol\u00edtica de filho \u00fanico.<\/p>\n<p><em>O Ambiente Econ\u00f4mico e de Neg\u00f3cios<\/em> foi o tema do segundo painel, que contou com a participa\u00e7\u00e3o de Andr\u00e9a Martins, gerente executiva da Over China, Newton de Mello, diretor titular adjunto do Departamento de Rela\u00e7\u00f5es Internacionais e Com\u00e9rcio Exterior da Fiesp, e Admilson Monteiro, da Diretoria Internacional do Banco do Brasil. No final do semin\u00e1rio,\u00a0Suzana Bandeira e Rafael Guanaes, s\u00f3cios diretores da BG Corporativa Cultural, apresentaram exemplos reais de neg\u00f3cios e trocaram informa\u00e7\u00f5es sobre a dificuldade de se adaptar ao mercado chin\u00eas e os grandes ganhos que podem ser obtidos com uma atua\u00e7\u00e3o mais adequada. A necessidade de adapta\u00e7\u00e3o de produtos, o perfil do consumidor e o tempo de relacionamento para se fechar um neg\u00f3cio foram outros aspectos discutidos.<\/p>\n<p>A\u00a0programa\u00e7\u00e3o de eventos promovidos pelo Instituto Conf\u00facio na Unesp est\u00e1 dispon\u00edvel no site:<a href=\"http:\/\/www.institutoconfucio.unesp.br\/\" target=\"_blank\">www.institutoconfucio.unesp.br<\/a><\/p>\n","protected":false},"excerpt":{"rendered":"<p>No primeiro semestre de 2009 a China se consolidou como o principal parceiro comercial do Brasil, em fun\u00e7\u00e3o do volume de importa\u00e7\u00f5es e de investimentos, o que\u00a0indica que as rela\u00e7\u00f5es entre os dois pa\u00edses tendem a se estreitar cada vez mais, n\u00e3o apenas no campo comercial e econ\u00f4mico, mas tamb\u00e9m no campo pol\u00edtico e cultural. [&hellip;]<\/p>\n","protected":false},"author":2,"featured_media":0,"comment_status":"open","ping_status":"open","sticky":false,"template":"","format":"standard","meta":{"tdm_status":"","tdm_grid_status":"","footnotes":""},"categories":[22,7],"tags":[],"class_list":{"0":"post-9487","1":"post","2":"type-post","3":"status-publish","4":"format-standard","6":"category-brasil","7":"category-economia"},"_links":{"self":[{"href":"https:\/\/migracao.redenoticia.com.br\/noticia\/wp-json\/wp\/v2\/posts\/9487","targetHints":{"allow":["GET"]}}],"collection":[{"href":"https:\/\/migracao.redenoticia.com.br\/noticia\/wp-json\/wp\/v2\/posts"}],"about":[{"href":"https:\/\/migracao.redenoticia.com.br\/noticia\/wp-json\/wp\/v2\/types\/post"}],"author":[{"embeddable":true,"href":"https:\/\/migracao.redenoticia.com.br\/noticia\/wp-json\/wp\/v2\/users\/2"}],"replies":[{"embeddable":true,"href":"https:\/\/migracao.redenoticia.com.br\/noticia\/wp-json\/wp\/v2\/comments?post=9487"}],"version-history":[{"count":0,"href":"https:\/\/migracao.redenoticia.com.br\/noticia\/wp-json\/wp\/v2\/posts\/9487\/revisions"}],"wp:attachment":[{"href":"https:\/\/migracao.redenoticia.com.br\/noticia\/wp-json\/wp\/v2\/media?parent=9487"}],"wp:term":[{"taxonomy":"category","embeddable":true,"href":"https:\/\/migracao.redenoticia.com.br\/noticia\/wp-json\/wp\/v2\/categories?post=9487"},{"taxonomy":"post_tag","embeddable":true,"href":"https:\/\/migracao.redenoticia.com.br\/noticia\/wp-json\/wp\/v2\/tags?post=9487"}],"curies":[{"name":"wp","href":"https:\/\/api.w.org\/{rel}","templated":true}]}}