{"id":9489,"date":"2009-08-24T10:27:22","date_gmt":"2009-08-24T14:27:22","guid":{"rendered":"http:\/\/www.redenoticia.com.br\/noticia\/?p=9489"},"modified":"2009-08-24T10:27:22","modified_gmt":"2009-08-24T14:27:22","slug":"gripe-influenza-a-h1n1-brasil-supera-argentina-em-casos-de-mortes","status":"publish","type":"post","link":"https:\/\/migracao.redenoticia.com.br\/noticia\/2009\/gripe-influenza-a-h1n1-brasil-supera-argentina-em-casos-de-mortes\/9489","title":{"rendered":"Gripe Influenza A H1N1 &#8211; Brasil supera Argentina em casos de mortes"},"content":{"rendered":"<p>O INBRAVISA &#8211; Instituto Brasileiro de Auditoria em Vigil\u00e2ncia Sant\u00e1ria informa que o Brasil ultrapassou a Argentina em n\u00famero de mortes pela gripe Gripe Influenza A H1N1. Segundo dados oficiais , divulgados pelos \u00f3rg\u00e3os de sa\u00fade dos dois paises, s\u00e3o 488 mortos pela doen\u00e7a no Brasil contra 439 na Argentina. O Brasil est\u00e1 atr\u00e1s apenas dos Estados Unidos que teve 522 pessoas mortas pela nova gripe. No total a gripe su\u00edna j\u00e1 matou 1.799 pessoas em todo o mundo e 170 pa\u00edses j\u00e1 confirmaram casos da doen\u00e7a.<\/p>\n<p>A Gripe Influenza A H1N1, no Brasil, deve apresentar uma redu\u00e7\u00e3o gradativa de novos casos com o aumento de temperatura devido ao final do inverno , mas deve voltar a circular de forma mais intensa em meados de abril ou maio de 2010.<\/p>\n<p>&#8220;Poderemos ter ainda mais casos de \u00f3bitos, em virtude da exposi\u00e7\u00e3o das crian\u00e7as e adolescentes ao v\u00edrus, em decorr\u00eancia da volta as aulas , mas a tend\u00eancia da pandemia dimimuir com o fim do inverno, d\u00e1 tempo para que as autoridades de saude do Brasil se prepararem para ado\u00e7\u00e3o de novas estrat\u00e9gias de combate a doen\u00e7a , e para enfrentar melhor a segunda onda da Gripe Influenza A H1N1, no pr\u00f3ximo ano, explica Rui Dammenhain , diretor presidente do INBRAVISA &#8211; especialista em saude p\u00fablica e vigil\u00e2ncia sanit\u00e1ria.<\/p>\n<p>A principal arma dever\u00e1 ser a vacina\u00e7\u00e3o que j\u00e1 dever\u00e1 estar dispon\u00edvel no in\u00edcio do pr\u00f3xmo ano, mas campanhas de preven\u00e7\u00e3o, que incluem lavagem das m\u00e3os , aplica\u00e7\u00e3o de \u00e1lcool em gel \u00a0e uso de m\u00e1scaras para pessoas com sintomas de Gripe Influenza A H1N1, n\u00e3o s\u00f3 devem continuar como serem incrementadas , conclui Dammenhain.<\/p>\n<p>Gripe Influenza A H1N1<\/p>\n<p>Ger\u00eancia de Comunica\u00e7\u00f5es &#8211; INBRAVISA<\/p>\n","protected":false},"excerpt":{"rendered":"<p>O INBRAVISA &#8211; Instituto Brasileiro de Auditoria em Vigil\u00e2ncia Sant\u00e1ria informa que o Brasil ultrapassou a Argentina em n\u00famero de mortes pela gripe Gripe Influenza A H1N1. Segundo dados oficiais , divulgados pelos \u00f3rg\u00e3os de sa\u00fade dos dois paises, s\u00e3o 488 mortos pela doen\u00e7a no Brasil contra 439 na Argentina. O Brasil est\u00e1 atr\u00e1s apenas [&hellip;]<\/p>\n","protected":false},"author":3,"featured_media":0,"comment_status":"open","ping_status":"open","sticky":false,"template":"","format":"standard","meta":{"tdm_status":"","tdm_grid_status":"","footnotes":""},"categories":[22,5],"tags":[],"class_list":{"0":"post-9489","1":"post","2":"type-post","3":"status-publish","4":"format-standard","6":"category-brasil","7":"category-saude-e-vida"},"_links":{"self":[{"href":"https:\/\/migracao.redenoticia.com.br\/noticia\/wp-json\/wp\/v2\/posts\/9489","targetHints":{"allow":["GET"]}}],"collection":[{"href":"https:\/\/migracao.redenoticia.com.br\/noticia\/wp-json\/wp\/v2\/posts"}],"about":[{"href":"https:\/\/migracao.redenoticia.com.br\/noticia\/wp-json\/wp\/v2\/types\/post"}],"author":[{"embeddable":true,"href":"https:\/\/migracao.redenoticia.com.br\/noticia\/wp-json\/wp\/v2\/users\/3"}],"replies":[{"embeddable":true,"href":"https:\/\/migracao.redenoticia.com.br\/noticia\/wp-json\/wp\/v2\/comments?post=9489"}],"version-history":[{"count":0,"href":"https:\/\/migracao.redenoticia.com.br\/noticia\/wp-json\/wp\/v2\/posts\/9489\/revisions"}],"wp:attachment":[{"href":"https:\/\/migracao.redenoticia.com.br\/noticia\/wp-json\/wp\/v2\/media?parent=9489"}],"wp:term":[{"taxonomy":"category","embeddable":true,"href":"https:\/\/migracao.redenoticia.com.br\/noticia\/wp-json\/wp\/v2\/categories?post=9489"},{"taxonomy":"post_tag","embeddable":true,"href":"https:\/\/migracao.redenoticia.com.br\/noticia\/wp-json\/wp\/v2\/tags?post=9489"}],"curies":[{"name":"wp","href":"https:\/\/api.w.org\/{rel}","templated":true}]}}