{"id":94894,"date":"2016-09-09T19:26:03","date_gmt":"2016-09-09T22:26:03","guid":{"rendered":"http:\/\/www.redenoticia.com.br\/noticia\/?p=94894"},"modified":"2016-09-10T18:05:20","modified_gmt":"2016-09-10T21:05:20","slug":"novela-sila-resumo-1209-berzan-planeja-o-sequestro-de-bedirhan","status":"publish","type":"post","link":"https:\/\/migracao.redenoticia.com.br\/noticia\/2016\/novela-sila-resumo-1209-berzan-planeja-o-sequestro-de-bedirhan\/94894","title":{"rendered":"Novela \u201cSila\u201d resumo 10\/09: Berzan planeja o sequestro de Bedirhan"},"content":{"rendered":"<p> <img loading=\"lazy\" decoding=\"async\" class=\"alignleft size-thumbnail wp-image-83098\" src=\"https:\/\/migracao.redenoticia.com.br\/noticia\/imagens\/sila_band_novela_resumo_capitulo-150x112.jpg\" alt=\"sila_band_novela_resumo_capitulo\" width=\"150\" height=\"112\" srcset=\"https:\/\/migracao.redenoticia.com.br\/noticia\/imagens\/sila_band_novela_resumo_capitulo-150x112.jpg 150w, https:\/\/migracao.redenoticia.com.br\/noticia\/imagens\/sila_band_novela_resumo_capitulo-265x198.jpg 265w\" sizes=\"auto, (max-width: 150px) 100vw, 150px\" \/><strong><em> Novela \u201cSila\u201d resumo 10\/09<\/em><\/strong>: Bedar busca a cura para sua doen\u00e7a e se submete a uma cirurgia. Enquanto isso, Berzan manda seus capangas seguir e descobrir todos os detalhes sobre o filho de Sila e Boran. Toda a fam\u00edlia de Bedar vai para o hospital para acompanhar a cirurgia. Berzan \u00e9 informado e planeja sequestrar Bedirhan.<\/p>\n<p>No capitulo 139 (*), novela \u201cSila\u201d, s\u00e1bado, 10 de setembro &#8211; Berzan trama algo muito ruim. Sila, Boran e o beb\u00ea s\u00e3o fotografados pelos homens de Berzan. Ele manda seus capangas seguir e descobrir todos os detalhes sobre o filho de Sila e Boran.<\/p>\n<p> Berzan \u00e9 informado que toda a fam\u00edlia est\u00e1 no hospital para a opera\u00e7\u00e3o de Bedar. Civan recebe alta. Boran percebe que est\u00e1 sendo espionado. Zeliha escapa de Berzan com a ajuda de Boran. No entanto, seus pais lamentam n\u00e3o ter salvo sua filha das m\u00e3os de Berzan.<\/p>\n<p>O pai de Zeliha decide fazer justi\u00e7a com as pr\u00f3prias m\u00e3os. O pai de Zeliha atira em Berzan e \u00e9 alvejado pelos seguran\u00e7as dele.<\/p>\n<p>(*) edi\u00e7\u00e3o da Band, Novela \u201cSila\u201d, sujeito a altera\u00e7\u00e3o de data e conte\u00fado.<\/p>\n","protected":false},"excerpt":{"rendered":"<p>Novela \u201cSila\u201d resumo 10\/09: Bedar busca a cura para sua doen\u00e7a e se submete a uma cirurgia. Enquanto isso, Berzan manda seus capangas seguir e descobrir todos os detalhes sobre o filho de Sila e Boran. Toda a fam\u00edlia de Bedar vai para o hospital para acompanhar a cirurgia. Berzan \u00e9 informado e planeja sequestrar [&hellip;]<\/p>\n","protected":false},"author":2,"featured_media":83098,"comment_status":"open","ping_status":"closed","sticky":false,"template":"","format":"standard","meta":{"tdm_status":"","tdm_grid_status":"","footnotes":""},"categories":[390,379,343],"tags":[441],"class_list":{"0":"post-94894","1":"post","2":"type-post","3":"status-publish","4":"format-standard","5":"has-post-thumbnail","7":"category-band","8":"category-novelas","9":"category-televisao","10":"tag-resumo-do-dia"},"_links":{"self":[{"href":"https:\/\/migracao.redenoticia.com.br\/noticia\/wp-json\/wp\/v2\/posts\/94894","targetHints":{"allow":["GET"]}}],"collection":[{"href":"https:\/\/migracao.redenoticia.com.br\/noticia\/wp-json\/wp\/v2\/posts"}],"about":[{"href":"https:\/\/migracao.redenoticia.com.br\/noticia\/wp-json\/wp\/v2\/types\/post"}],"author":[{"embeddable":true,"href":"https:\/\/migracao.redenoticia.com.br\/noticia\/wp-json\/wp\/v2\/users\/2"}],"replies":[{"embeddable":true,"href":"https:\/\/migracao.redenoticia.com.br\/noticia\/wp-json\/wp\/v2\/comments?post=94894"}],"version-history":[{"count":0,"href":"https:\/\/migracao.redenoticia.com.br\/noticia\/wp-json\/wp\/v2\/posts\/94894\/revisions"}],"wp:featuredmedia":[{"embeddable":true,"href":"https:\/\/migracao.redenoticia.com.br\/noticia\/wp-json\/wp\/v2\/media\/83098"}],"wp:attachment":[{"href":"https:\/\/migracao.redenoticia.com.br\/noticia\/wp-json\/wp\/v2\/media?parent=94894"}],"wp:term":[{"taxonomy":"category","embeddable":true,"href":"https:\/\/migracao.redenoticia.com.br\/noticia\/wp-json\/wp\/v2\/categories?post=94894"},{"taxonomy":"post_tag","embeddable":true,"href":"https:\/\/migracao.redenoticia.com.br\/noticia\/wp-json\/wp\/v2\/tags?post=94894"}],"curies":[{"name":"wp","href":"https:\/\/api.w.org\/{rel}","templated":true}]}}