{"id":94907,"date":"2016-09-09T17:15:08","date_gmt":"2016-09-09T20:15:08","guid":{"rendered":"http:\/\/www.redenoticia.com.br\/noticia\/?p=94907"},"modified":"2016-09-09T16:58:27","modified_gmt":"2016-09-09T19:58:27","slug":"novela-abismo-da-paixao-resumo-1209-gael-pede-a-damiao-que-va-embora","status":"publish","type":"post","link":"https:\/\/migracao.redenoticia.com.br\/noticia\/2016\/novela-abismo-da-paixao-resumo-1209-gael-pede-a-damiao-que-va-embora\/94907","title":{"rendered":"Novela \u201cAbismo da Paix\u00e3o\u201d resumo 12\/09: Gael pede a Dami\u00e3o que v\u00e1 embora"},"content":{"rendered":"<p><img loading=\"lazy\" decoding=\"async\" class=\"alignleft size-thumbnail wp-image-81978\" src=\"https:\/\/migracao.redenoticia.com.br\/noticia\/imagens\/abismo_de_paixao_sbt_resumo_novela-150x112.jpg\" alt=\"abismo_de_paixao_sbt_resumo_novela\" width=\"150\" height=\"112\" srcset=\"https:\/\/migracao.redenoticia.com.br\/noticia\/imagens\/abismo_de_paixao_sbt_resumo_novela-150x112.jpg 150w, https:\/\/migracao.redenoticia.com.br\/noticia\/imagens\/abismo_de_paixao_sbt_resumo_novela-265x198.jpg 265w\" sizes=\"auto, (max-width: 150px) 100vw, 150px\" \/><strong><em>Novela \u201cAbismo da Paix\u00e3o\u201d resumo 12\/09<\/em><\/strong>:\u00a0Carmem conversa com Almerinda e exige que deixe de mexer no passado, j\u00e1 que ela pode encontrar fatos que sejam muito dolorosos para todos. Almerinda responde que n\u00e3o vai descansar at\u00e9 encontrar a verdadeira amante de Rog\u00e9rio e vingar-se de tudo. Mais tarde, Dami\u00e3o procura Elisa na fazenda para lhe propor a compra de C\u00e9u Aberto, mas Elisa n\u00e3o quer vender. Gael pede a Dami\u00e3o que v\u00e1 embora, j\u00e1 que n\u00e3o suporta v\u00ea-lo no povoado e pr\u00f3ximo a Elisa. <\/p>\n<p>No cap\u00edtulo 121 (*), novela \u201cAbismo da Paix\u00e3o\u201d, segunda-feira, 12 de setembro \u2013 Depois de enterrar Ingrid viva, Ramiro caminha pelo campo sentindo-se mal. Ele confunde Paloma com sua m\u00e3e e pede que o ajude. Paloma, desesperada, o leva a cabana de Ramona, que se recusa a cur\u00e1-lo. Paloma pede a av\u00f3 que cuide dele enquanto ela vai ao centro de sa\u00fade pedir ajuda. Ramona d\u00e1 um rem\u00e9dio para Ramiro e ele se assusta ao ver que est\u00e1 com ela. Sabrina visita Paulo na cadeia.<\/p>\n<p>Ele a pede que o ajude a sair dali, mas ela se nega, j\u00e1 que ele sempre jogou com seus sentimentos. Paulo liga para Flor\u00eancia para dizer lhe que mandar\u00e1 uma surpresa em seu casamento. Na fazenda Arango, Almerinda presenteia Dami\u00e3o com uma arma que era de Rog\u00e9rio, e o pede para que fa\u00e7am as pazes. Carmem exige que Almerinda deixe de mexer no passado, j\u00e1 que ela pode encontrar fatos que sejam muito dolorosos para todos. Almerinda a responde que n\u00e3o descansar\u00e1 at\u00e9 encontrar a verdadeira amante de Rog\u00e9rio e vingar-se de tudo.<\/p>\n<p>Dami\u00e3o procura Elisa na fazenda para lhe propor a compra de \u201cC\u00e9u Aberto\u201d, mas Elisa n\u00e3o quer vender. Gael pede a Dami\u00e3o que v\u00e1 embora, j\u00e1 que n\u00e3o suporta v\u00ea-lo no povoado e pr\u00f3ximo a Elisa. Carmem diz a Elisa que prefere vender sua parte de \u201cC\u00e9u Aberto\u201d a Ramiro do que para ela.<\/p>\n<p>(*) edi\u00e7\u00e3o do SBT, Novela \u201cAbismo da Paix\u00e3o\u201d, sujeito a altera\u00e7\u00e3o de data e conte\u00fado.<\/p>\n","protected":false},"excerpt":{"rendered":"<p>Novela \u201cAbismo da Paix\u00e3o\u201d resumo 12\/09:\u00a0Carmem conversa com Almerinda e exige que deixe de mexer no passado, j\u00e1 que ela pode encontrar fatos que sejam muito dolorosos para todos. Almerinda responde que n\u00e3o vai descansar at\u00e9 encontrar a verdadeira amante de Rog\u00e9rio e vingar-se de tudo. Mais tarde, Dami\u00e3o procura Elisa na fazenda para lhe [&hellip;]<\/p>\n","protected":false},"author":4,"featured_media":81978,"comment_status":"open","ping_status":"closed","sticky":false,"template":"","format":"standard","meta":{"tdm_status":"","tdm_grid_status":"","footnotes":""},"categories":[379,372,343],"tags":[441],"class_list":{"0":"post-94907","1":"post","2":"type-post","3":"status-publish","4":"format-standard","5":"has-post-thumbnail","7":"category-novelas","8":"category-sbt","9":"category-televisao","10":"tag-resumo-do-dia"},"_links":{"self":[{"href":"https:\/\/migracao.redenoticia.com.br\/noticia\/wp-json\/wp\/v2\/posts\/94907","targetHints":{"allow":["GET"]}}],"collection":[{"href":"https:\/\/migracao.redenoticia.com.br\/noticia\/wp-json\/wp\/v2\/posts"}],"about":[{"href":"https:\/\/migracao.redenoticia.com.br\/noticia\/wp-json\/wp\/v2\/types\/post"}],"author":[{"embeddable":true,"href":"https:\/\/migracao.redenoticia.com.br\/noticia\/wp-json\/wp\/v2\/users\/4"}],"replies":[{"embeddable":true,"href":"https:\/\/migracao.redenoticia.com.br\/noticia\/wp-json\/wp\/v2\/comments?post=94907"}],"version-history":[{"count":0,"href":"https:\/\/migracao.redenoticia.com.br\/noticia\/wp-json\/wp\/v2\/posts\/94907\/revisions"}],"wp:featuredmedia":[{"embeddable":true,"href":"https:\/\/migracao.redenoticia.com.br\/noticia\/wp-json\/wp\/v2\/media\/81978"}],"wp:attachment":[{"href":"https:\/\/migracao.redenoticia.com.br\/noticia\/wp-json\/wp\/v2\/media?parent=94907"}],"wp:term":[{"taxonomy":"category","embeddable":true,"href":"https:\/\/migracao.redenoticia.com.br\/noticia\/wp-json\/wp\/v2\/categories?post=94907"},{"taxonomy":"post_tag","embeddable":true,"href":"https:\/\/migracao.redenoticia.com.br\/noticia\/wp-json\/wp\/v2\/tags?post=94907"}],"curies":[{"name":"wp","href":"https:\/\/api.w.org\/{rel}","templated":true}]}}