{"id":94913,"date":"2016-09-09T18:10:38","date_gmt":"2016-09-09T21:10:38","guid":{"rendered":"http:\/\/www.redenoticia.com.br\/noticia\/?p=94913"},"modified":"2016-09-09T17:03:07","modified_gmt":"2016-09-09T20:03:07","slug":"novela-sol-nascente-resumo-1009-mario-afirma-a-gaetano-que-vai-lutar-para-ficar-com-alice","status":"publish","type":"post","link":"https:\/\/migracao.redenoticia.com.br\/noticia\/2016\/novela-sol-nascente-resumo-1009-mario-afirma-a-gaetano-que-vai-lutar-para-ficar-com-alice\/94913","title":{"rendered":"Novela \u201cSol Nascente\u201d resumo 10\/09: Mario afirma a Gaetano que vai lutar por Alice"},"content":{"rendered":"<p><img loading=\"lazy\" decoding=\"async\" class=\"alignleft size-thumbnail wp-image-91714\" src=\"https:\/\/migracao.redenoticia.com.br\/noticia\/imagens\/sol_nascente_resumo_novela_globo-150x112.jpg\" alt=\"sol_nascente_resumo_novela_globo\" width=\"150\" height=\"112\" srcset=\"https:\/\/migracao.redenoticia.com.br\/noticia\/imagens\/sol_nascente_resumo_novela_globo-150x112.jpg 150w, https:\/\/migracao.redenoticia.com.br\/noticia\/imagens\/sol_nascente_resumo_novela_globo-265x198.jpg 265w\" sizes=\"auto, (max-width: 150px) 100vw, 150px\" \/><strong><em>Novela \u201cSol Nascente\u201d resumo 10\/09<\/em><\/strong>: dois anos se passam. Alice e Cesar est\u00e3o juntos, terminam os estudos e voltam do Jap\u00e3o para o Brasil. Mario decide buscar a amiga e encontra Alice e M\u00e1rio aos beijos no aeroporto. Cesar sente ci\u00fames de Mario e decide ir para Arraial com Alice. Mario sofre, mas afirma a Gaetano que vai lutar para ficar com Alice.<\/p>\n<p>No cap\u00edtulo 011(*), novela \u201cSol Nascente\u201d, s\u00e1bado, 10 de setembro \u2013 Tanaka e Yumi contam as novidades para Alice. Mario volta para casa e toda a fam\u00edlia De Angeli se emociona.<\/p>\n<p>Bernardo chega a Arraial. Damasceno pensa em espalhar cartazes com a foto de Geppina pela cidade. Yumi e Bernardo trocam olhares e Mieko percebe. Dois anos se passam.<\/p>\n<p>Alice e Cesar voltam do Jap\u00e3o e Mario v\u00ea os dois se beijando no aeroporto. Cesar sente ci\u00fames de Mario e decide ir para Arraial com Alice. Mario afirma a Gaetano que lutar\u00e1 para ficar com Alice.<\/p>\n<p>(*) edi\u00e7\u00e3o da Rede Globo, Novela \u201cSol Nascente\u201d, sujeito a altera\u00e7\u00e3o de data e conte\u00fado.<\/p>\n","protected":false},"excerpt":{"rendered":"<p>Novela \u201cSol Nascente\u201d resumo 10\/09: dois anos se passam. Alice e Cesar est\u00e3o juntos, terminam os estudos e voltam do Jap\u00e3o para o Brasil. Mario decide buscar a amiga e encontra Alice e M\u00e1rio aos beijos no aeroporto. Cesar sente ci\u00fames de Mario e decide ir para Arraial com Alice. Mario sofre, mas afirma a [&hellip;]<\/p>\n","protected":false},"author":4,"featured_media":91714,"comment_status":"open","ping_status":"closed","sticky":false,"template":"","format":"standard","meta":{"tdm_status":"","tdm_grid_status":"","footnotes":""},"categories":[379,375,343],"tags":[441],"class_list":{"0":"post-94913","1":"post","2":"type-post","3":"status-publish","4":"format-standard","5":"has-post-thumbnail","7":"category-novelas","8":"category-rede-globo","9":"category-televisao","10":"tag-resumo-do-dia"},"_links":{"self":[{"href":"https:\/\/migracao.redenoticia.com.br\/noticia\/wp-json\/wp\/v2\/posts\/94913","targetHints":{"allow":["GET"]}}],"collection":[{"href":"https:\/\/migracao.redenoticia.com.br\/noticia\/wp-json\/wp\/v2\/posts"}],"about":[{"href":"https:\/\/migracao.redenoticia.com.br\/noticia\/wp-json\/wp\/v2\/types\/post"}],"author":[{"embeddable":true,"href":"https:\/\/migracao.redenoticia.com.br\/noticia\/wp-json\/wp\/v2\/users\/4"}],"replies":[{"embeddable":true,"href":"https:\/\/migracao.redenoticia.com.br\/noticia\/wp-json\/wp\/v2\/comments?post=94913"}],"version-history":[{"count":0,"href":"https:\/\/migracao.redenoticia.com.br\/noticia\/wp-json\/wp\/v2\/posts\/94913\/revisions"}],"wp:featuredmedia":[{"embeddable":true,"href":"https:\/\/migracao.redenoticia.com.br\/noticia\/wp-json\/wp\/v2\/media\/91714"}],"wp:attachment":[{"href":"https:\/\/migracao.redenoticia.com.br\/noticia\/wp-json\/wp\/v2\/media?parent=94913"}],"wp:term":[{"taxonomy":"category","embeddable":true,"href":"https:\/\/migracao.redenoticia.com.br\/noticia\/wp-json\/wp\/v2\/categories?post=94913"},{"taxonomy":"post_tag","embeddable":true,"href":"https:\/\/migracao.redenoticia.com.br\/noticia\/wp-json\/wp\/v2\/tags?post=94913"}],"curies":[{"name":"wp","href":"https:\/\/api.w.org\/{rel}","templated":true}]}}