{"id":9493,"date":"2009-08-24T10:35:59","date_gmt":"2009-08-24T14:35:59","guid":{"rendered":"http:\/\/www.redenoticia.com.br\/noticia\/?p=9493"},"modified":"2009-08-24T10:35:59","modified_gmt":"2009-08-24T14:35:59","slug":"infertilidade-masculina-preconceito-prejudica-tratamento","status":"publish","type":"post","link":"https:\/\/migracao.redenoticia.com.br\/noticia\/2009\/infertilidade-masculina-preconceito-prejudica-tratamento\/9493","title":{"rendered":"Infertilidade Masculina: preconceito prejudica tratamento"},"content":{"rendered":"<p>Durante muitos anos a mulher foi considerada a \u00fanica respons\u00e1vel pela esterilidade e\/ou a infertilidade de um casal. Hoje se sabe que 80% das causas da infertilidade s\u00e3o atribu\u00eddas a homens e mulheres de forma igualit\u00e1ria (40% para cada um), e os 20% restantes s\u00e3o fatores relacionados ao casal. O preconceito e a falta de informa\u00e7\u00e3o prejudicam o tratamento, uma vez que os homens criam resist\u00eancia para consultar um especialista e realizar exames simples, que podem agilizar o diagn\u00f3stico.\u00a0<\/p>\n<p>\u00c9 muito comum confundir impot\u00eancia com infertilidade. A impot\u00eancia \u00e9 a incapacidade no homem de obter ou manter uma ere\u00e7\u00e3o, mas isso n\u00e3o significa que tenha algum problema para ter filhos. J\u00e1 a infertilidade \u00e9 uma doen\u00e7a dos \u00f3rg\u00e3os reprodutivos que pode afetar homens e mulheres e compromete a capacidade de gesta\u00e7\u00e3o.<\/p>\n<p>&#8220;Ap\u00f3s o per\u00edodo de 12 meses sem sucesso de gesta\u00e7\u00e3o \u00e9 necess\u00e1rio que o casal procure o m\u00e9dico para identificar o problema que est\u00e1 dificultando a gravidez. \u00c9 recomendado o tratamento com um especialista em reprodu\u00e7\u00e3o humana, que nortear\u00e1 toda a investiga\u00e7\u00e3o da fertilidade do casal&#8221;, explica o andrologista do Instituto Verhum, Dr. Eduardo Pimentel.<\/p>\n<p>Diversos fatores podem comprometer a fertilidade, principalmente os que est\u00e3o relacionados \u00e0 qualidade de vida como o estresse, o uso de anabolizantes, o tabagismo, as drogas e o \u00e1lcool. O uso de anabolizantes, por exemplo, pode prejudicar o funcionamento dos test\u00edculos, resultando em uma produ\u00e7\u00e3o de espermatoz\u00f3ides com baixa capacidade de fecunda\u00e7\u00e3o.<br \/>\n&#8220;Qualquer situa\u00e7\u00e3o que agrida significativamente os test\u00edculos (caxumba, infec\u00e7\u00f5es, traumas importantes) pode levar um homem f\u00e9rtil a se tornar inf\u00e9rtil&#8221;, explica Dr. Eduardo.<\/p>\n<p>Modernos tratamentos &#8211; Algumas doen\u00e7as tamb\u00e9m podem interferir na fertilidade masculina. A varicocele, que consiste no aparecimento de varizes no test\u00edculo, \u00e9 uma das mais comuns. Esta pode causar o mau funcionamento do test\u00edculo e gerar espermatoz\u00f3ides n\u00e3o saud\u00e1veis. O tratamento mais comum neste caso \u00e9 a cirurgia.<\/p>\n<p>Outras formas de tratamento para resolver os problemas de infertilidade masculina s\u00e3o atrav\u00e9s das t\u00e9cnicas de fertiliza\u00e7\u00e3o assistida, usando beneficiamento de s\u00eamen, insemina\u00e7\u00e3o artificial ou fertiliza\u00e7\u00e3o in vitro.<\/p>\n<p>Ser m\u00e3e abre vagas &#8211; Por conhecer a dificuldade no atendimento da rede p\u00fablica, o Instituto Verhum criou o projeto social &#8220;Ser m\u00e3e ao alcance de toda mulher&#8221;, que proporciona consultas gratuitas para casais de baixa renda com problemas para engravidar. Uma vez no m\u00eas os m\u00e9dicos da cl\u00ednica atendem os casais e realizam espermograma e ecografia nos pacientes indicados. H\u00e1 vagas para consultas. Os interessados devem ligar no 3365-4545.<\/p>\n","protected":false},"excerpt":{"rendered":"<p>Durante muitos anos a mulher foi considerada a \u00fanica respons\u00e1vel pela esterilidade e\/ou a infertilidade de um casal. Hoje se sabe que 80% das causas da infertilidade s\u00e3o atribu\u00eddas a homens e mulheres de forma igualit\u00e1ria (40% para cada um), e os 20% restantes s\u00e3o fatores relacionados ao casal. O preconceito e a falta de [&hellip;]<\/p>\n","protected":false},"author":3,"featured_media":0,"comment_status":"open","ping_status":"open","sticky":false,"template":"","format":"standard","meta":{"tdm_status":"","tdm_grid_status":"","footnotes":""},"categories":[22,5],"tags":[],"class_list":{"0":"post-9493","1":"post","2":"type-post","3":"status-publish","4":"format-standard","6":"category-brasil","7":"category-saude-e-vida"},"_links":{"self":[{"href":"https:\/\/migracao.redenoticia.com.br\/noticia\/wp-json\/wp\/v2\/posts\/9493","targetHints":{"allow":["GET"]}}],"collection":[{"href":"https:\/\/migracao.redenoticia.com.br\/noticia\/wp-json\/wp\/v2\/posts"}],"about":[{"href":"https:\/\/migracao.redenoticia.com.br\/noticia\/wp-json\/wp\/v2\/types\/post"}],"author":[{"embeddable":true,"href":"https:\/\/migracao.redenoticia.com.br\/noticia\/wp-json\/wp\/v2\/users\/3"}],"replies":[{"embeddable":true,"href":"https:\/\/migracao.redenoticia.com.br\/noticia\/wp-json\/wp\/v2\/comments?post=9493"}],"version-history":[{"count":0,"href":"https:\/\/migracao.redenoticia.com.br\/noticia\/wp-json\/wp\/v2\/posts\/9493\/revisions"}],"wp:attachment":[{"href":"https:\/\/migracao.redenoticia.com.br\/noticia\/wp-json\/wp\/v2\/media?parent=9493"}],"wp:term":[{"taxonomy":"category","embeddable":true,"href":"https:\/\/migracao.redenoticia.com.br\/noticia\/wp-json\/wp\/v2\/categories?post=9493"},{"taxonomy":"post_tag","embeddable":true,"href":"https:\/\/migracao.redenoticia.com.br\/noticia\/wp-json\/wp\/v2\/tags?post=9493"}],"curies":[{"name":"wp","href":"https:\/\/api.w.org\/{rel}","templated":true}]}}