{"id":9495,"date":"2009-08-24T11:42:26","date_gmt":"2009-08-24T15:42:26","guid":{"rendered":"http:\/\/www.redenoticia.com.br\/noticia\/?p=9495"},"modified":"2009-08-24T11:42:26","modified_gmt":"2009-08-24T15:42:26","slug":"voltou-a-chover-em-brasilia-apos-mais-de-2-meses-de-estiagem","status":"publish","type":"post","link":"https:\/\/migracao.redenoticia.com.br\/noticia\/2009\/voltou-a-chover-em-brasilia-apos-mais-de-2-meses-de-estiagem\/9495","title":{"rendered":"Voltou a chover em Bras\u00edlia ap\u00f3s mais de 2 meses de estiagem"},"content":{"rendered":"<p>A estiagem que durava mais de 2 meses na Capital Federal chegou ao fim neste fim de semana. Segundo os meteorologistas da Somar, o volume de chuva foi pequeno, mas serviu para elevar os \u00edndices de umidade relativa do ar, que vinham ficando muito abaixo do recomendado. A \u00faltima chuva registrada em Bras\u00edlia ocorreu no dia 13 de junho, com apenas 4,4mm. Neste fim de semana o volume foi ainda menor, apenas 1,8mm somando a chuva do s\u00e1bado e do domingo.<\/p>\n<p>De acordo com os meteorologistas da Somar, nesta segunda-feira, \u00e1reas de instabilidade d\u00e3o origem a uma frente fria respons\u00e1vel por pancadas de chuva e trovoadas em boa parte do Centro-Oeste. De uma forma geral, o acumulado ser\u00e1 baixo, apesar do risco de vendavais. Apenas no leste de Mato Grosso do Sul, esperam-se acumulados de mais de 10mm em 24 horas. Mesmo com essas chuvas, faz calor na maior parte da Regi\u00e3o e m\u00e1xima chega a 38\u00b0C no noroeste de Mato Grosso. Apenas no sul de Mato Grosso do Sul os term\u00f4metros n\u00e3o passam dos 20\u00b0C.<br \/>\nAmanh\u00e3, a frente fria avan\u00e7a pelo Centro-Oeste e causa pancadas de chuva e trovoadas no norte de Mato Grosso do Sul, Goi\u00e1s, Distrito Federal e Mato Grosso. O acumulado passa dos 10mm no centro e sudeste de Goi\u00e1s e no oeste de Mato Grosso. Apenas no centro e sul de Mato Grosso do Sul, espera-se uma ter\u00e7a-feira com tempo seco e ensolarado. Ainda faz calor em boa parte da Regi\u00e3o e as temperaturas ultrapassam os 37\u00b0C no nordeste de Mato Grosso. Apenas no noroeste de Mato Grosso e no centro e sul de Mato Grosso do Sul, a m\u00e1xima n\u00e3o passa dos 25\u00b0C.<br \/>\nNa quarta-feira, a frente fria provoca chuvas no centro e norte de Goi\u00e1s e de Mato Grosso, al\u00e9m do Distrito Federal. Em algumas localidades do norte de Goi\u00e1s, o acumulado alcan\u00e7a 20mm. Em Mato Grosso do Sul e sul de Goi\u00e1s e de Mato Grosso, o tempo permanece seco e ensolarado. A m\u00e1xima chega a 38\u00b0C no nordeste e sudoeste de Mato Grosso, mas n\u00e3o passa dos 23\u00b0C no sul de Mato Grosso do Sul e no Distrito Federal.<\/p>\n","protected":false},"excerpt":{"rendered":"<p>A estiagem que durava mais de 2 meses na Capital Federal chegou ao fim neste fim de semana. Segundo os meteorologistas da Somar, o volume de chuva foi pequeno, mas serviu para elevar os \u00edndices de umidade relativa do ar, que vinham ficando muito abaixo do recomendado. A \u00faltima chuva registrada em Bras\u00edlia ocorreu no [&hellip;]<\/p>\n","protected":false},"author":3,"featured_media":0,"comment_status":"open","ping_status":"open","sticky":false,"template":"","format":"standard","meta":{"tdm_status":"","tdm_grid_status":"","footnotes":""},"categories":[22,327],"tags":[],"class_list":{"0":"post-9495","1":"post","2":"type-post","3":"status-publish","4":"format-standard","6":"category-brasil","7":"category-clima"},"_links":{"self":[{"href":"https:\/\/migracao.redenoticia.com.br\/noticia\/wp-json\/wp\/v2\/posts\/9495","targetHints":{"allow":["GET"]}}],"collection":[{"href":"https:\/\/migracao.redenoticia.com.br\/noticia\/wp-json\/wp\/v2\/posts"}],"about":[{"href":"https:\/\/migracao.redenoticia.com.br\/noticia\/wp-json\/wp\/v2\/types\/post"}],"author":[{"embeddable":true,"href":"https:\/\/migracao.redenoticia.com.br\/noticia\/wp-json\/wp\/v2\/users\/3"}],"replies":[{"embeddable":true,"href":"https:\/\/migracao.redenoticia.com.br\/noticia\/wp-json\/wp\/v2\/comments?post=9495"}],"version-history":[{"count":0,"href":"https:\/\/migracao.redenoticia.com.br\/noticia\/wp-json\/wp\/v2\/posts\/9495\/revisions"}],"wp:attachment":[{"href":"https:\/\/migracao.redenoticia.com.br\/noticia\/wp-json\/wp\/v2\/media?parent=9495"}],"wp:term":[{"taxonomy":"category","embeddable":true,"href":"https:\/\/migracao.redenoticia.com.br\/noticia\/wp-json\/wp\/v2\/categories?post=9495"},{"taxonomy":"post_tag","embeddable":true,"href":"https:\/\/migracao.redenoticia.com.br\/noticia\/wp-json\/wp\/v2\/tags?post=9495"}],"curies":[{"name":"wp","href":"https:\/\/api.w.org\/{rel}","templated":true}]}}