{"id":94966,"date":"2016-09-10T17:28:04","date_gmt":"2016-09-10T20:28:04","guid":{"rendered":"http:\/\/www.redenoticia.com.br\/noticia\/?p=94966"},"modified":"2016-09-10T17:30:03","modified_gmt":"2016-09-10T20:30:03","slug":"novela-malhacao-resumo-1209-ricardo-se-surpreende-com-a-confusao-na-forma","status":"publish","type":"post","link":"https:\/\/migracao.redenoticia.com.br\/noticia\/2016\/novela-malhacao-resumo-1209-ricardo-se-surpreende-com-a-confusao-na-forma\/94966","title":{"rendered":"Novela \u201cMalha\u00e7\u00e3o\u201d resumo 12\/09: Ricardo flagra o caos dentro da academia"},"content":{"rendered":"<p><img loading=\"lazy\" decoding=\"async\" class=\"alignleft size-thumbnail wp-image-91715\" src=\"https:\/\/migracao.redenoticia.com.br\/noticia\/imagens\/malhacao_pro_dia_nascer_feliz_resumo_novela-150x112.jpg\" alt=\"malhacao_pro_dia_nascer_feliz_resumo_novela\" width=\"150\" height=\"112\" srcset=\"https:\/\/migracao.redenoticia.com.br\/noticia\/imagens\/malhacao_pro_dia_nascer_feliz_resumo_novela-150x112.jpg 150w, https:\/\/migracao.redenoticia.com.br\/noticia\/imagens\/malhacao_pro_dia_nascer_feliz_resumo_novela-265x198.jpg 265w\" sizes=\"auto, (max-width: 150px) 100vw, 150px\" \/><strong><em>Novela \u201cMalha\u00e7\u00e3o\u201d resumo 12\/09<\/em><\/strong>: B\u00e1rbara se desespera ao ver Ricardo (Foto: Felipe Monteiro\/Gshow)<br \/>\na ideia de Joana (Aline Dias) para atrair mais alunos \u00e0 Forma saiu do papel e parece ser um LACRE! S\u00f3 que, na pr\u00e1tica, a a\u00e7\u00e3o atrai, al\u00e9m de muita gente, muita confus\u00e3o para dentro da academia. Uma verdadeira muvuca se forma para conhecer as instala\u00e7\u00f5es e atividades do espa\u00e7o! B\u00e1rbara (Barbara Fran\u00e7a), T\u00e2nia (Deborah Secco), Nanda (Amanda de Godoi), J\u00e9ssica (Laryssa Ayres) e a pr\u00f3pria Joana ralam pra darem conta do recado. Mas eis que Ricardo (Marcos Pasquim) surge de surpresa e flagra o caos dentro da academia! &#8220;Papai?!&#8221;, se espanta a loira ao esbarrar com o dono da Forma. &#8220;Que diabos est\u00e1 acontecendo na minha academia?&#8221;, pergunta o poderoso. <\/p>\n<p>No cap\u00edtulo 016(*), novela \u201cMalha\u00e7\u00e3o\u201d, segunda-feira, 12 de setembro \u2013 Joana evita uma briga entre B\u00e1rbara e Manuela. Juliana acredita que Corr\u00eaa tenha raptado o cabrito.<\/p>\n<p>Cleyton sente ci\u00fames do sucesso de R\u00f4mulo com Krica e as meninas. Giovane teme que Gabriel esteja boicotando a partida de v\u00f4lei para prejudicar Caio. Joana d\u00e1 uma nova ideia a B\u00e1rbara para divulgar a academia. B\u00e1rbara coloca a ideia em pr\u00e1tica e enfrenta uma confus\u00e3o na academia.<\/p>\n<p>Belinha se aproxima de Lucas e Juliana se incomoda. Corr\u00eaa se revolta contra a manifesta\u00e7\u00e3o dos alunos. Ricardo se surpreende com a confus\u00e3o na Forma.<\/p>\n<p>(*) edi\u00e7\u00e3o da Rede Globo, Novela \u201cMalha\u00e7\u00e3o\u201d, sujeito a altera\u00e7\u00e3o de data e conte\u00fado.<\/p>\n","protected":false},"excerpt":{"rendered":"<p>Novela \u201cMalha\u00e7\u00e3o\u201d resumo 12\/09: B\u00e1rbara se desespera ao ver Ricardo (Foto: Felipe Monteiro\/Gshow) a ideia de Joana (Aline Dias) para atrair mais alunos \u00e0 Forma saiu do papel e parece ser um LACRE! S\u00f3 que, na pr\u00e1tica, a a\u00e7\u00e3o atrai, al\u00e9m de muita gente, muita confus\u00e3o para dentro da academia. Uma verdadeira muvuca se forma [&hellip;]<\/p>\n","protected":false},"author":4,"featured_media":91715,"comment_status":"open","ping_status":"closed","sticky":false,"template":"","format":"standard","meta":{"tdm_status":"","tdm_grid_status":"","footnotes":""},"categories":[447,379,375,343],"tags":[441],"class_list":{"0":"post-94966","1":"post","2":"type-post","3":"status-publish","4":"format-standard","5":"has-post-thumbnail","7":"category-malhacao","8":"category-novelas","9":"category-rede-globo","10":"category-televisao","11":"tag-resumo-do-dia"},"_links":{"self":[{"href":"https:\/\/migracao.redenoticia.com.br\/noticia\/wp-json\/wp\/v2\/posts\/94966","targetHints":{"allow":["GET"]}}],"collection":[{"href":"https:\/\/migracao.redenoticia.com.br\/noticia\/wp-json\/wp\/v2\/posts"}],"about":[{"href":"https:\/\/migracao.redenoticia.com.br\/noticia\/wp-json\/wp\/v2\/types\/post"}],"author":[{"embeddable":true,"href":"https:\/\/migracao.redenoticia.com.br\/noticia\/wp-json\/wp\/v2\/users\/4"}],"replies":[{"embeddable":true,"href":"https:\/\/migracao.redenoticia.com.br\/noticia\/wp-json\/wp\/v2\/comments?post=94966"}],"version-history":[{"count":0,"href":"https:\/\/migracao.redenoticia.com.br\/noticia\/wp-json\/wp\/v2\/posts\/94966\/revisions"}],"wp:featuredmedia":[{"embeddable":true,"href":"https:\/\/migracao.redenoticia.com.br\/noticia\/wp-json\/wp\/v2\/media\/91715"}],"wp:attachment":[{"href":"https:\/\/migracao.redenoticia.com.br\/noticia\/wp-json\/wp\/v2\/media?parent=94966"}],"wp:term":[{"taxonomy":"category","embeddable":true,"href":"https:\/\/migracao.redenoticia.com.br\/noticia\/wp-json\/wp\/v2\/categories?post=94966"},{"taxonomy":"post_tag","embeddable":true,"href":"https:\/\/migracao.redenoticia.com.br\/noticia\/wp-json\/wp\/v2\/tags?post=94966"}],"curies":[{"name":"wp","href":"https:\/\/api.w.org\/{rel}","templated":true}]}}