{"id":94991,"date":"2016-09-10T18:12:01","date_gmt":"2016-09-10T21:12:01","guid":{"rendered":"http:\/\/www.redenoticia.com.br\/noticia\/?p=94991"},"modified":"2016-09-10T18:12:01","modified_gmt":"2016-09-10T21:12:01","slug":"novela-sila-resumo-1209-o-pai-de-zeliha-atira-em-berzan","status":"publish","type":"post","link":"https:\/\/migracao.redenoticia.com.br\/noticia\/2016\/novela-sila-resumo-1209-o-pai-de-zeliha-atira-em-berzan\/94991","title":{"rendered":"Novela \u201cSila\u201d resumo 12\/09: o pai de Zeliha atira em Berzan"},"content":{"rendered":"<p><img loading=\"lazy\" decoding=\"async\" class=\"alignleft size-thumbnail wp-image-83098\" src=\"https:\/\/migracao.redenoticia.com.br\/noticia\/imagens\/sila_band_novela_resumo_capitulo-150x112.jpg\" alt=\"sila_band_novela_resumo_capitulo\" width=\"150\" height=\"112\" srcset=\"https:\/\/migracao.redenoticia.com.br\/noticia\/imagens\/sila_band_novela_resumo_capitulo-150x112.jpg 150w, https:\/\/migracao.redenoticia.com.br\/noticia\/imagens\/sila_band_novela_resumo_capitulo-265x198.jpg 265w\" sizes=\"auto, (max-width: 150px) 100vw, 150px\" \/><strong><em> Novela \u201cSila\u201d resumo 12\/09<\/em><\/strong>: Boran percebe que Berzan mandou seus capangas espionarem a sua fam\u00edlia. Zeliha escapa de Berzan com a ajuda de Boran, no entanto, seus pais lamentam n\u00e3o terem for\u00e7as para enfrentar o inimigo. O pai de Zeliha se revolta com a situa\u00e7\u00e3o e decide fazer justi\u00e7a com as pr\u00f3prias m\u00e3os. Ele atira em Berzan e \u00e9 alvejado pelos seguran\u00e7as<\/p>\n<p>No capitulo 140 (*), novela \u201cSila\u201d, segunda-faira, 12 de setembro &#8211; Zeliha escapa de Berzan com a ajuda de Boran. No entanto, seus pais lamentam n\u00e3o terem salvo sua filha das m\u00e3os de Berzan. O pai de Zeliha decide fazer justi\u00e7a com as pr\u00f3prias m\u00e3os.<\/p>\n<p>No capitulo 141, ter\u00e7a-feira, 13 de setembro &#8211; O pai de Zeliha atira em Berzan e \u00e9 alvejado pelos seguran\u00e7as dele. Sila se preocupa quando tenta falar com a bab\u00e1 de Bedirhan e n\u00e3o consegue.<\/p>\n<p>No capitulo 142, quarta-feira, 14 de setembro &#8211; Esma e Berzan se unem contra Boran e Sila. Berzan se recupera do tiro e planeja sequestrar Bedirhan. Boran fica sabendo que o pai de Zeliha desapareceu. Ceren se encontra com Dilaver e diz que pretende reabrir um processo contra Berzan. Sivan pede que Hussein se afaste de Ayse. Berzan pede \u00e0 esposa que se prepare para receber um beb\u00ea em casa.<\/p>\n<p>(*) edi\u00e7\u00e3o da Band, Novela \u201cSila\u201d, sujeito a altera\u00e7\u00e3o de data e conte\u00fado.<\/p>\n","protected":false},"excerpt":{"rendered":"<p>Novela \u201cSila\u201d resumo 12\/09: Boran percebe que Berzan mandou seus capangas espionarem a sua fam\u00edlia. Zeliha escapa de Berzan com a ajuda de Boran, no entanto, seus pais lamentam n\u00e3o terem for\u00e7as para enfrentar o inimigo. O pai de Zeliha se revolta com a situa\u00e7\u00e3o e decide fazer justi\u00e7a com as pr\u00f3prias m\u00e3os. Ele atira [&hellip;]<\/p>\n","protected":false},"author":2,"featured_media":83098,"comment_status":"open","ping_status":"closed","sticky":false,"template":"","format":"standard","meta":{"tdm_status":"","tdm_grid_status":"","footnotes":""},"categories":[390,379,343],"tags":[441],"class_list":{"0":"post-94991","1":"post","2":"type-post","3":"status-publish","4":"format-standard","5":"has-post-thumbnail","7":"category-band","8":"category-novelas","9":"category-televisao","10":"tag-resumo-do-dia"},"_links":{"self":[{"href":"https:\/\/migracao.redenoticia.com.br\/noticia\/wp-json\/wp\/v2\/posts\/94991","targetHints":{"allow":["GET"]}}],"collection":[{"href":"https:\/\/migracao.redenoticia.com.br\/noticia\/wp-json\/wp\/v2\/posts"}],"about":[{"href":"https:\/\/migracao.redenoticia.com.br\/noticia\/wp-json\/wp\/v2\/types\/post"}],"author":[{"embeddable":true,"href":"https:\/\/migracao.redenoticia.com.br\/noticia\/wp-json\/wp\/v2\/users\/2"}],"replies":[{"embeddable":true,"href":"https:\/\/migracao.redenoticia.com.br\/noticia\/wp-json\/wp\/v2\/comments?post=94991"}],"version-history":[{"count":0,"href":"https:\/\/migracao.redenoticia.com.br\/noticia\/wp-json\/wp\/v2\/posts\/94991\/revisions"}],"wp:featuredmedia":[{"embeddable":true,"href":"https:\/\/migracao.redenoticia.com.br\/noticia\/wp-json\/wp\/v2\/media\/83098"}],"wp:attachment":[{"href":"https:\/\/migracao.redenoticia.com.br\/noticia\/wp-json\/wp\/v2\/media?parent=94991"}],"wp:term":[{"taxonomy":"category","embeddable":true,"href":"https:\/\/migracao.redenoticia.com.br\/noticia\/wp-json\/wp\/v2\/categories?post=94991"},{"taxonomy":"post_tag","embeddable":true,"href":"https:\/\/migracao.redenoticia.com.br\/noticia\/wp-json\/wp\/v2\/tags?post=94991"}],"curies":[{"name":"wp","href":"https:\/\/api.w.org\/{rel}","templated":true}]}}