{"id":9500,"date":"2009-08-24T11:37:10","date_gmt":"2009-08-24T15:37:10","guid":{"rendered":"http:\/\/www.redenoticia.com.br\/noticia\/?p=9500"},"modified":"2009-08-24T11:37:10","modified_gmt":"2009-08-24T15:37:10","slug":"cabaret-apresenta-os-melhores-djs-de-sao-paulo-de-01-a-06-de-setembro","status":"publish","type":"post","link":"https:\/\/migracao.redenoticia.com.br\/noticia\/2009\/cabaret-apresenta-os-melhores-djs-de-sao-paulo-de-01-a-06-de-setembro\/9500","title":{"rendered":"Cabaret apresenta os melhores djs de S\u00e3o Paulo de 01 a 06 de setembro"},"content":{"rendered":"<p><a href=\"https:\/\/migracao.redenoticia.com.br\/noticia\/imagens\/\/djs.jpg\"><img loading=\"lazy\" decoding=\"async\" class=\"alignleft size-medium wp-image-9501\" title=\"djs\" src=\"https:\/\/migracao.redenoticia.com.br\/noticia\/imagens\/\/djs-249x187.jpg\" alt=\"djs\" width=\"249\" height=\"187\" \/><\/a>A Cabaret comanda a divers\u00e3o em uma festa especial no dia 1, ter\u00e7a-feira. Entre os DJs que se apresentaram na casa est\u00e3o Carlos Dall&#8221;anese, Cristian Labra, Tom Keller, Beto Dias, Marcelo S\u00e1, Leo Faustino, Alex G, Leo Diniz, Gregory Camilo, Vince, Gabriel Naufel e Gedrah. Na quarta-feira, 2, apresenta o projeto Hot Fudge no comando dos DJs Silvinho, Z\u00e9 Colm\u00e9ia e Typ\u00e1, que tocam o melhor do Rap, Soul, Funk.\u00a0<\/p>\n<p>Na quinta-feira, 3, quem comanda a noite &#8220;Essence&#8221; s\u00e3o os DJs Gabriel Naufel e Tubar\u00e3o, que agitam a pista com eletro e black music. J\u00e1 na sexta-feira, 4, os DJs Beto Dias e Marcelo S\u00e1 animam a noite DreamNites com o melhor do House Hits, Electro e Progressive.<\/p>\n<p>No s\u00e1bado, 5, a casa promete o melhor do House, Dance Music e Flash Backs, na noite 90\u00b4s Glam, sob o comando dos DJs Julio Perez e Alex G. No domingo, 6, v\u00e9spera de feriado, a casa se prepara para receber a galera. Quem agita a pista \u00e9 o DJ Tom Hopkins com o melhor do Dance Music.<\/p>\n<p>Sobre o DJ Tom Hopkins: Makston Motobe, mais conhecido como Tom Hopkins, come\u00e7ou sua carreira no Jap\u00e3o para depois retornar ao Brasil. O DJ \u00e9 paulista e come\u00e7ou sua vida noturna em 1986 na extinta casa Contra-M\u00e3o. Naquela \u00e9poca, bandas como New Order e Depeche Mode come\u00e7avam a flertar com a cena eletr\u00f4nica, construindo um novo formato na qual ele e alguns poucos DJs se tornaram precursores.<\/p>\n<p>Atuando como produtor, Hopkins comandou a nova vers\u00e3o para Livin\u00b4On A Prayer de Bon Jovi e a produ\u00e7\u00e3o de 2004 com Dalimas &#8211; Livin\u00b4On A Prayer ( Tom Hopkins Remix.)<\/p>\n","protected":false},"excerpt":{"rendered":"<p>A Cabaret comanda a divers\u00e3o em uma festa especial no dia 1, ter\u00e7a-feira. Entre os DJs que se apresentaram na casa est\u00e3o Carlos Dall&#8221;anese, Cristian Labra, Tom Keller, Beto Dias, Marcelo S\u00e1, Leo Faustino, Alex G, Leo Diniz, Gregory Camilo, Vince, Gabriel Naufel e Gedrah. Na quarta-feira, 2, apresenta o projeto Hot Fudge no comando [&hellip;]<\/p>\n","protected":false},"author":3,"featured_media":0,"comment_status":"open","ping_status":"open","sticky":false,"template":"","format":"standard","meta":{"tdm_status":"","tdm_grid_status":"","footnotes":""},"categories":[22],"tags":[],"class_list":{"0":"post-9500","1":"post","2":"type-post","3":"status-publish","4":"format-standard","6":"category-brasil"},"_links":{"self":[{"href":"https:\/\/migracao.redenoticia.com.br\/noticia\/wp-json\/wp\/v2\/posts\/9500","targetHints":{"allow":["GET"]}}],"collection":[{"href":"https:\/\/migracao.redenoticia.com.br\/noticia\/wp-json\/wp\/v2\/posts"}],"about":[{"href":"https:\/\/migracao.redenoticia.com.br\/noticia\/wp-json\/wp\/v2\/types\/post"}],"author":[{"embeddable":true,"href":"https:\/\/migracao.redenoticia.com.br\/noticia\/wp-json\/wp\/v2\/users\/3"}],"replies":[{"embeddable":true,"href":"https:\/\/migracao.redenoticia.com.br\/noticia\/wp-json\/wp\/v2\/comments?post=9500"}],"version-history":[{"count":0,"href":"https:\/\/migracao.redenoticia.com.br\/noticia\/wp-json\/wp\/v2\/posts\/9500\/revisions"}],"wp:attachment":[{"href":"https:\/\/migracao.redenoticia.com.br\/noticia\/wp-json\/wp\/v2\/media?parent=9500"}],"wp:term":[{"taxonomy":"category","embeddable":true,"href":"https:\/\/migracao.redenoticia.com.br\/noticia\/wp-json\/wp\/v2\/categories?post=9500"},{"taxonomy":"post_tag","embeddable":true,"href":"https:\/\/migracao.redenoticia.com.br\/noticia\/wp-json\/wp\/v2\/tags?post=9500"}],"curies":[{"name":"wp","href":"https:\/\/api.w.org\/{rel}","templated":true}]}}